{"id":56934,"date":"2025-09-24T10:54:47","date_gmt":"2025-09-24T07:54:47","guid":{"rendered":"https:\/\/www.egemtv.com\/?p=56934"},"modified":"2025-09-24T10:54:48","modified_gmt":"2025-09-24T07:54:48","slug":"aydin-buyuksehir-belediyesinden-kusadasi-hizmet-binasi-aciklamasi","status":"publish","type":"post","link":"https:\/\/www.egemtv.com\/?p=56934","title":{"rendered":"Ayd\u0131n B\u00fcy\u00fck\u015fehir Belediyesi\u2019nden Ku\u015fadas\u0131 Hizmet Binas\u0131 a\u00e7\u0131klamas\u0131"},"content":{"rendered":"<p>Baz\u0131 bas\u0131n yay\u0131n organlar\u0131nda Ayd\u0131n B\u00fcy\u00fck\u015fehir Belediyesi m\u00fclkiyetinde bulunan Ku\u015fadas\u0131 Hizmet Binas\u0131\u2019n\u0131n tahliye edilece\u011fi y\u00f6n\u00fcnde \u00e7\u0131kan haberler \u00fczerine Ayd\u0131n B\u00fcy\u00fck\u015fehir Belediyesi\u2019nden a\u00e7\u0131klamada bulunuldu.<\/p>\n<p>Ayd\u0131n B\u00fcy\u00fck\u015fehir Belediyesi\u2019nden yap\u0131lan a\u00e7\u0131klamada, &#8220;Ayd\u0131n B\u00fcy\u00fck\u015fehir Belediyesi ve Ku\u015fadas\u0131 Belediyesi taraf\u0131ndan imzalanan ve s\u00fcresi be\u015f y\u0131l olan bir protokol uyar\u0131nca ortakla\u015fa kullan\u0131lan ve Ayd\u0131n B\u00fcy\u00fck\u015fehir Belediyesi taraf\u0131ndan kamula\u015ft\u0131r\u0131lm\u0131\u015f bir arazi \u00fczerine yine Ayd\u0131n B\u00fcy\u00fck\u015fehir Belediyesi taraf\u0131ndan projelendirilerek in\u015fa edilen hizmet binas\u0131n\u0131n, an\u0131lan protokol uyar\u0131nca giri\u015f ve birinci katlar\u0131n Ayd\u0131n B\u00fcy\u00fck\u015fehir Belediyesi; 2,3 ve 4. katlar\u0131n da Ku\u015fadas\u0131 Belediyesi taraf\u0131ndan kullan\u0131lmas\u0131 resmen h\u00fckme ba\u011flanm\u0131\u015ft\u0131r. \u0130limizin bat\u0131 il\u00e7elerinin koordinasyonu ve hizmetlerimizin tek bir noktadan e\u015fg\u00fcd\u00fcm halinde halk\u0131m\u0131za ula\u015ft\u0131r\u0131lmas\u0131 ad\u0131na in\u015fa edilen hizmet binas\u0131n\u0131n 2, 3 ve 4. katlar\u0131, Ku\u015fadas\u0131 Belediyesi hizmet binas\u0131n\u0131n kendileri taraf\u0131ndan y\u0131k\u0131lmas\u0131 \u00fczerine, halk\u0131m\u0131za sunulan hizmetlerin aksamamas\u0131 ad\u0131na bedelsiz olarak kendilerine tahsis edilmi\u015ftir. Protokol s\u00fcresinin sona ermesine ise hen\u00fcz 2 y\u0131la yak\u0131n s\u00fcre bulunmaktad\u0131r. Buna ra\u011fmen Ku\u015fadas\u0131 Belediyesi; kendisine tahsisli olmayan alana, protokole ayk\u0131r\u0131 \u015fekilde yerle\u015fmi\u015f, B\u00fcy\u00fck\u015fehir Belediyemizce halk\u0131m\u0131za tek merkezden vermemiz gereken hizmetleri sunmam\u0131z gereken ve an\u0131lan protokol uyar\u0131nca idaremiz uhdesindeki kat\u0131 da izinsiz doldurmak suretiyle hizmetlerimizin aksamas\u0131na neden olmu\u015ftur. Bu hususta 09.05.2025 tarihinden bu yana farkl\u0131 tarihlerde, protokol h\u00fck\u00fcmlerine uymas\u0131 il\u00e7e belediyesinden yaz\u0131l\u0131 olarak 8 kez talep edilmi\u015f, ancak olumlu sonu\u00e7 al\u0131namam\u0131\u015ft\u0131r. Hal b\u00f6yleyken; yar\u0131s\u0131ndan fazlas\u0131 bizzat Belediyemizce kendilerine bedelsiz tahsis edilmi\u015f ve tahsis s\u00fcresi halen devam ederken, an\u0131lan hizmet binas\u0131 ile ilgili kamuoyunu yan\u0131lt\u0131c\u0131, Ku\u015fadas\u0131 halk\u0131na hizmet vermemizi apa\u00e7\u0131k engellemeyi ve kurumumuzu karalamay\u0131 ama\u00e7layan bu t\u00fcrden spek\u00fclatif haberlerin dola\u015f\u0131ma sokulmas\u0131n\u0131 kamuoyunun takdirine b\u0131rak\u0131yor, benzer iftira i\u00e7erikli haberlerle ilgili her t\u00fcrl\u00fc yasal haklar\u0131m\u0131z\u0131 kullanaca\u011f\u0131m\u0131z\u0131 sayg\u0131lar\u0131m\u0131zla arz ediyoruz&#8221; denildi.<br \/><\/p>\n","protected":false},"excerpt":{"rendered":"<p>Baz\u0131 bas\u0131n yay\u0131n organlar\u0131nda Ayd\u0131n B\u00fcy\u00fck\u015fehir Belediyesi m\u00fclkiyetinde bulunan Ku\u015fadas\u0131 Hizmet Binas\u0131\u2019n\u0131n tahliye edilece\u011fi y\u00f6n\u00fcnde \u00e7\u0131kan haberler \u00fczerine Ayd\u0131n B\u00fcy\u00fck\u015fehir Belediyesi\u2019nden a\u00e7\u0131klamada bulunuldu. Ayd\u0131n B\u00fcy\u00fck\u015fehir Belediyesi\u2019nden yap\u0131lan a\u00e7\u0131klamada, &#8220;Ayd\u0131n B\u00fcy\u00fck\u015fehir Belediyesi ve Ku\u015fadas\u0131 Belediyesi taraf\u0131ndan imzalanan ve s\u00fcresi be\u015f y\u0131l olan bir protokol uyar\u0131nca ortakla\u015fa kullan\u0131lan ve Ayd\u0131n B\u00fcy\u00fck\u015fehir Belediyesi taraf\u0131ndan kamula\u015ft\u0131r\u0131lm\u0131\u015f bir arazi \u00fczerine&#8230;<\/p>\n","protected":false},"author":1,"featured_media":56935,"comment_status":"open","ping_status":"open","sticky":false,"template":"","format":"standard","meta":{"_crdt_document":"","footnotes":""},"categories":[1],"tags":[],"class_list":["post-56934","post","type-post","status-publish","format-standard","has-post-thumbnail","hentry","category-guncel"],"_links":{"self":[{"href":"https:\/\/www.egemtv.com\/index.php?rest_route=\/wp\/v2\/posts\/56934","targetHints":{"allow":["GET"]}}],"collection":[{"href":"https:\/\/www.egemtv.com\/index.php?rest_route=\/wp\/v2\/posts"}],"about":[{"href":"https:\/\/www.egemtv.com\/index.php?rest_route=\/wp\/v2\/types\/post"}],"author":[{"embeddable":true,"href":"https:\/\/www.egemtv.com\/index.php?rest_route=\/wp\/v2\/users\/1"}],"replies":[{"embeddable":true,"href":"https:\/\/www.egemtv.com\/index.php?rest_route=%2Fwp%2Fv2%2Fcomments&post=56934"}],"version-history":[{"count":1,"href":"https:\/\/www.egemtv.com\/index.php?rest_route=\/wp\/v2\/posts\/56934\/revisions"}],"predecessor-version":[{"id":56936,"href":"https:\/\/www.egemtv.com\/index.php?rest_route=\/wp\/v2\/posts\/56934\/revisions\/56936"}],"wp:featuredmedia":[{"embeddable":true,"href":"https:\/\/www.egemtv.com\/index.php?rest_route=\/wp\/v2\/media\/56935"}],"wp:attachment":[{"href":"https:\/\/www.egemtv.com\/index.php?rest_route=%2Fwp%2Fv2%2Fmedia&parent=56934"}],"wp:term":[{"taxonomy":"category","embeddable":true,"href":"https:\/\/www.egemtv.com\/index.php?rest_route=%2Fwp%2Fv2%2Fcategories&post=56934"},{"taxonomy":"post_tag","embeddable":true,"href":"https:\/\/www.egemtv.com\/index.php?rest_route=%2Fwp%2Fv2%2Ftags&post=56934"}],"curies":[{"name":"wp","href":"https:\/\/api.w.org\/{rel}","templated":true}]}}