{"id":56931,"date":"2025-09-24T10:34:49","date_gmt":"2025-09-24T07:34:49","guid":{"rendered":"https:\/\/www.egemtv.com\/?p=56931"},"modified":"2025-09-24T10:34:50","modified_gmt":"2025-09-24T07:34:50","slug":"adude-sehit-polis-memuru-seyda-yilmaz-anisina-program-duzenledi","status":"publish","type":"post","link":"https:\/\/www.egemtv.com\/?p=56931","title":{"rendered":"AD\u00dc\u2019de \u015eehit Polis Memuru \u015eeyda Y\u0131lmaz an\u0131s\u0131na program d\u00fczenledi"},"content":{"rendered":"<p>Ayd\u0131n Adnan Menderes \u00dcniversitesi Nazilli \u0130ktisadi ve \u0130dari Bilimler Fak\u00fcltesinde (\u0130\u0130BF) mezun \u00f6\u011frencisi \u015eehit Polis Memuru \u015eeyda Y\u0131lmaz\u2019\u0131n aziz hat\u0131ras\u0131n\u0131 ya\u015fatmak amac\u0131yla anma program\u0131 d\u00fczenlendi.<\/p>\n<p>Sayg\u0131 duru\u015fu ve \u0130stiklal Mar\u015f\u0131 ile ba\u015flayan programda, \u015eehit Polis Memuru \u015eeyda Y\u0131lmaz\u2019a ithafen haz\u0131rlanan video g\u00f6steriminin ard\u0131ndan protokol konu\u015fmalar\u0131 yap\u0131ld\u0131. Nazilli \u0130\u0130BF Mezunlar Derne\u011fi taraf\u0131ndan \u015eehit Y\u0131lmaz\u2019\u0131n ad\u0131n\u0131 ya\u015fatacak burs program\u0131 hakk\u0131nda bilgi verildi. Ba\u015fta \u015eehit Polis Memuru \u015eeyda Y\u0131lmaz olmak \u00fczere t\u00fcm \u015fehitlerimizin an\u0131s\u0131na Kur\u2019an-\u0131 Kerim tilaveti ve dualar\u0131n okunmas\u0131n\u0131n ard\u0131ndan program, lokma hayr\u0131 ile sona erdi.Programa, Nazilli Kaymakam\u0131 Huriye K\u00fcpeli Kan, AD\u00dc Rekt\u00f6r Yard\u0131mc\u0131s\u0131 Prof. Dr. Erkan Salan, Nazilli \u0130\u0130BF Dekan Vekili Prof. Dr. Osman Peker, il\u00e7e protokol\u00fc, akademisyenler ve vatanda\u015flar kat\u0131ld\u0131.<br \/><\/p>\n","protected":false},"excerpt":{"rendered":"<p>Ayd\u0131n Adnan Menderes \u00dcniversitesi Nazilli \u0130ktisadi ve \u0130dari Bilimler Fak\u00fcltesinde (\u0130\u0130BF) mezun \u00f6\u011frencisi \u015eehit Polis Memuru \u015eeyda Y\u0131lmaz\u2019\u0131n aziz hat\u0131ras\u0131n\u0131 ya\u015fatmak amac\u0131yla anma program\u0131 d\u00fczenlendi. Sayg\u0131 duru\u015fu ve \u0130stiklal Mar\u015f\u0131 ile ba\u015flayan programda, \u015eehit Polis Memuru \u015eeyda Y\u0131lmaz\u2019a ithafen haz\u0131rlanan video g\u00f6steriminin ard\u0131ndan protokol konu\u015fmalar\u0131 yap\u0131ld\u0131. Nazilli \u0130\u0130BF Mezunlar Derne\u011fi taraf\u0131ndan \u015eehit Y\u0131lmaz\u2019\u0131n ad\u0131n\u0131 ya\u015fatacak&#8230;<\/p>\n","protected":false},"author":1,"featured_media":56932,"comment_status":"open","ping_status":"open","sticky":false,"template":"","format":"standard","meta":{"_crdt_document":"","footnotes":""},"categories":[1],"tags":[],"class_list":["post-56931","post","type-post","status-publish","format-standard","has-post-thumbnail","hentry","category-guncel"],"_links":{"self":[{"href":"https:\/\/www.egemtv.com\/index.php?rest_route=\/wp\/v2\/posts\/56931","targetHints":{"allow":["GET"]}}],"collection":[{"href":"https:\/\/www.egemtv.com\/index.php?rest_route=\/wp\/v2\/posts"}],"about":[{"href":"https:\/\/www.egemtv.com\/index.php?rest_route=\/wp\/v2\/types\/post"}],"author":[{"embeddable":true,"href":"https:\/\/www.egemtv.com\/index.php?rest_route=\/wp\/v2\/users\/1"}],"replies":[{"embeddable":true,"href":"https:\/\/www.egemtv.com\/index.php?rest_route=%2Fwp%2Fv2%2Fcomments&post=56931"}],"version-history":[{"count":1,"href":"https:\/\/www.egemtv.com\/index.php?rest_route=\/wp\/v2\/posts\/56931\/revisions"}],"predecessor-version":[{"id":56933,"href":"https:\/\/www.egemtv.com\/index.php?rest_route=\/wp\/v2\/posts\/56931\/revisions\/56933"}],"wp:featuredmedia":[{"embeddable":true,"href":"https:\/\/www.egemtv.com\/index.php?rest_route=\/wp\/v2\/media\/56932"}],"wp:attachment":[{"href":"https:\/\/www.egemtv.com\/index.php?rest_route=%2Fwp%2Fv2%2Fmedia&parent=56931"}],"wp:term":[{"taxonomy":"category","embeddable":true,"href":"https:\/\/www.egemtv.com\/index.php?rest_route=%2Fwp%2Fv2%2Fcategories&post=56931"},{"taxonomy":"post_tag","embeddable":true,"href":"https:\/\/www.egemtv.com\/index.php?rest_route=%2Fwp%2Fv2%2Ftags&post=56931"}],"curies":[{"name":"wp","href":"https:\/\/api.w.org\/{rel}","templated":true}]}}