{"id":56928,"date":"2025-09-24T10:34:48","date_gmt":"2025-09-24T07:34:48","guid":{"rendered":"https:\/\/www.egemtv.com\/?p=56928"},"modified":"2025-09-24T10:34:48","modified_gmt":"2025-09-24T07:34:48","slug":"hastanede-tedavi-goren-cocuklara-dogum-gunu-surprizi","status":"publish","type":"post","link":"https:\/\/www.egemtv.com\/?p=56928","title":{"rendered":"Hastanede tedavi g\u00f6ren \u00e7ocuklara do\u011fum g\u00fcn\u00fc s\u00fcrprizi"},"content":{"rendered":"<p>Ayd\u0131n Adnan Menderes \u00dcniversitesi T\u0131p Fak\u00fcltesi \u00c7ocuk Metabolizma Bilim Dal\u0131 taraf\u0131ndan, \u00c7ocuk Metabolizma Bilim Dal\u0131\u2019nda tedavi g\u00f6ren fenilketon\u00fcri tan\u0131l\u0131 \u00e7ocuk hastalar i\u00e7in Atat\u00fcrk Kongre Merkezi Ayd\u0131n Bey Salonu\u2019nda do\u011fum g\u00fcn\u00fc kutlama etkinli\u011fi d\u00fczenlendi.<\/p>\n<p>Etkinlikte, AD\u00dc \u00c7ocuk Metabolizma Bilim Dal\u0131 Ba\u015fkan\u0131 Dr. \u00d6\u011fr. \u00dcyesi Emine G\u00f6ksoy, \u00fc\u00e7 y\u0131ld\u0131r hizmet veren \u00c7ocuk Metabolizma Bilim Dal\u0131 hakk\u0131nda bilgi verdi. Ayr\u0131ca, ulusal yenido\u011fan tarama program\u0131 ile erken te\u015fhisin \u00f6nemi ve tedavideki yerine dikkat \u00e7ekti. Dr. \u00d6\u011fr. \u00dcyesi G\u00f6ksoy, yapt\u0131\u011f\u0131 konu\u015fmada, &#8220;\u00c7ocuk Metabolizma Bilim Dal\u0131m\u0131z bu 3 y\u0131lda bilimsel \u00e7al\u0131\u015fmalar\u0131n\u0131 s\u00fcrd\u00fcr\u00fcrken ayn\u0131 zamanda \u00e7ocuklar\u0131m\u0131z\u0131n ya\u015fam kalitesini art\u0131rmak i\u00e7in b\u00fcy\u00fck \u00e7aba sarfetti. Bug\u00fcn sadece burada bir b\u00f6l\u00fcm\u00fcn ba\u015far\u0131s\u0131n\u0131 de\u011fil fenilketon\u00fcrili \u00e7ocuklar\u0131m\u0131z\u0131n sa\u011fl\u0131kl\u0131 ve umut dolu yar\u0131nlar\u0131n\u0131 kutlamak i\u00e7in topland\u0131k. Onlar\u0131n bir g\u00fcl\u00fc\u015f\u00fc bizim en b\u00fcy\u00fck motivasyon kayna\u011f\u0131m\u0131z&#8221; dedi.<\/p>\n<p>Programda ayr\u0131ca fenilketon\u00fcri tan\u0131s\u0131 alan \u00e7ocuklar\u0131n aileleri, te\u015fhis sonras\u0131nda ya\u015fad\u0131klar\u0131 deneyimleri ve tedavi s\u00fcrecini kat\u0131l\u0131mc\u0131larla payla\u015ft\u0131. Etkinlikte \u0130zmir FKU Yard\u0131mla\u015fma ve Dayan\u0131\u015fma Derne\u011fi \u00fcyesi ayn\u0131 zamanda fenilketon\u00fcri tan\u0131l\u0131 2 \u00e7ocuk annesi G\u00fclistan Boyac\u0131 \u00e7ocuklar i\u00e7in d\u00fc\u015f\u00fck proteinli peynirli kanepe ve ya\u015f pasta yaparak ailelerle kendi deneyimlerini payla\u015ft\u0131.<\/p>\n<p>Etkinli\u011fe, Halk Sa\u011fl\u0131\u011f\u0131 M\u00fcd\u00fcr\u00fc Uzm. Dr. Engin Tetik, AD\u00dc Hastanesi Ba\u015fhekim Yard\u0131mc\u0131s\u0131 Do\u00e7. Dr. Mustafa G\u00f6k, akademisyenler ve aileler kat\u0131ld\u0131.<br \/><\/p>\n","protected":false},"excerpt":{"rendered":"<p>Ayd\u0131n Adnan Menderes \u00dcniversitesi T\u0131p Fak\u00fcltesi \u00c7ocuk Metabolizma Bilim Dal\u0131 taraf\u0131ndan, \u00c7ocuk Metabolizma Bilim Dal\u0131\u2019nda tedavi g\u00f6ren fenilketon\u00fcri tan\u0131l\u0131 \u00e7ocuk hastalar i\u00e7in Atat\u00fcrk Kongre Merkezi Ayd\u0131n Bey Salonu\u2019nda do\u011fum g\u00fcn\u00fc kutlama etkinli\u011fi d\u00fczenlendi. Etkinlikte, AD\u00dc \u00c7ocuk Metabolizma Bilim Dal\u0131 Ba\u015fkan\u0131 Dr. \u00d6\u011fr. \u00dcyesi Emine G\u00f6ksoy, \u00fc\u00e7 y\u0131ld\u0131r hizmet veren \u00c7ocuk Metabolizma Bilim Dal\u0131 hakk\u0131nda bilgi&#8230;<\/p>\n","protected":false},"author":1,"featured_media":56929,"comment_status":"open","ping_status":"open","sticky":false,"template":"","format":"standard","meta":{"_crdt_document":"","footnotes":""},"categories":[1],"tags":[],"class_list":["post-56928","post","type-post","status-publish","format-standard","has-post-thumbnail","hentry","category-guncel"],"_links":{"self":[{"href":"https:\/\/www.egemtv.com\/index.php?rest_route=\/wp\/v2\/posts\/56928","targetHints":{"allow":["GET"]}}],"collection":[{"href":"https:\/\/www.egemtv.com\/index.php?rest_route=\/wp\/v2\/posts"}],"about":[{"href":"https:\/\/www.egemtv.com\/index.php?rest_route=\/wp\/v2\/types\/post"}],"author":[{"embeddable":true,"href":"https:\/\/www.egemtv.com\/index.php?rest_route=\/wp\/v2\/users\/1"}],"replies":[{"embeddable":true,"href":"https:\/\/www.egemtv.com\/index.php?rest_route=%2Fwp%2Fv2%2Fcomments&post=56928"}],"version-history":[{"count":1,"href":"https:\/\/www.egemtv.com\/index.php?rest_route=\/wp\/v2\/posts\/56928\/revisions"}],"predecessor-version":[{"id":56930,"href":"https:\/\/www.egemtv.com\/index.php?rest_route=\/wp\/v2\/posts\/56928\/revisions\/56930"}],"wp:featuredmedia":[{"embeddable":true,"href":"https:\/\/www.egemtv.com\/index.php?rest_route=\/wp\/v2\/media\/56929"}],"wp:attachment":[{"href":"https:\/\/www.egemtv.com\/index.php?rest_route=%2Fwp%2Fv2%2Fmedia&parent=56928"}],"wp:term":[{"taxonomy":"category","embeddable":true,"href":"https:\/\/www.egemtv.com\/index.php?rest_route=%2Fwp%2Fv2%2Fcategories&post=56928"},{"taxonomy":"post_tag","embeddable":true,"href":"https:\/\/www.egemtv.com\/index.php?rest_route=%2Fwp%2Fv2%2Ftags&post=56928"}],"curies":[{"name":"wp","href":"https:\/\/api.w.org\/{rel}","templated":true}]}}