{"id":56925,"date":"2025-09-24T10:34:47","date_gmt":"2025-09-24T07:34:47","guid":{"rendered":"https:\/\/www.egemtv.com\/?p=56925"},"modified":"2025-09-24T10:34:48","modified_gmt":"2025-09-24T07:34:48","slug":"menemen-fkda-secim-can-koc-ruzgari","status":"publish","type":"post","link":"https:\/\/www.egemtv.com\/?p=56925","title":{"rendered":"Menemen FK\u2019da Se\u00e7im Can Ko\u00e7 r\u00fczgar\u0131"},"content":{"rendered":"<p>Menemen FK\u2019n\u0131n 28 ya\u015f\u0131ndaki forvet oyuncusu Se\u00e7im Can Ko\u00e7, ligin ilk 5 haftas\u0131 itibar\u0131yla 6 gol kaydederek \u00f6nemli bir \u00e7\u0131k\u0131\u015f ger\u00e7ekle\u015ftirdi.<br \/>\n<br \/>TFF 2. Lig Beyaz Grup ekiplerinden Menemen FK, sezonun ilk 5 haftas\u0131nda sergiledi\u011fi performansla ba\u015far\u0131l\u0131 bir ba\u015flang\u0131ca imza att\u0131. Bu s\u00fcre\u00e7te 3 galibiyet, 2 beraberlik ve 1 ma\u011flubiyet elde eden \u0130zmir temsilcisi, toplad\u0131\u011f\u0131 10 puanla puan tablosunun 4. s\u0131ras\u0131nda yer ald\u0131. Sar\u0131-lacivertliler, h\u00fccumdaki etkili oyunlar\u0131yla da dikkat \u00e7ekerek rakip fileleri 12 kez havaland\u0131rmay\u0131 ba\u015fard\u0131. Bu gollerin yar\u0131s\u0131 ise 28 ya\u015f\u0131ndaki forvet Se\u00e7im Can Ko\u00e7\u2019tan geldi. Deneyimli oyuncu, yeni sezonda 5 ma\u00e7ta forma giyerken Yeni Mersin \u0130dmanyurdu, Adanaspor ve Isparta 32 Spor ma\u00e7lar\u0131nda iki\u015fer gol kaydederek sadece 3 kar\u015f\u0131la\u015fmada 6 gole ula\u015ft\u0131.<br \/>\n<br \/>Sezonun hen\u00fcz ba\u015f\u0131nda g\u00f6sterdi\u011fi bu performansla gol krall\u0131\u011f\u0131 yar\u0131\u015f\u0131nda iddial\u0131 bir konuma gelen Se\u00e7im Can Ko\u00e7, Menemen FK\u2019n\u0131n h\u00fccum hatt\u0131nda en dikkat \u00e7eken isim olmay\u0131 ba\u015fard\u0131.<\/p>\n<p>Se\u00e7im Can Ko\u00e7 atmay\u0131nca puanlar kaybedildi.<br \/>\n<br \/>Menemen FK\u2019da sezonun ilk 5 haftas\u0131nda Se\u00e7im Can Ko\u00e7 f\u0131rt\u0131nas\u0131 esti. 28 ya\u015f\u0131ndaki golc\u00fc, att\u0131\u011f\u0131 gollerle tak\u0131m\u0131n\u0131n elde etti\u011fi galibiyetlerde kilit rol oynad\u0131. Yeni Mersin \u0130dmanyurdu, Adanaspor ve Isparta 32 Spor ma\u00e7lar\u0131nda iki\u015fer gol kaydeden deneyimli forvet, bu \u00fc\u00e7 kar\u015f\u0131la\u015fmada kazan\u0131lan 9 puana do\u011frudan katk\u0131 sa\u011flad\u0131.<br \/>\n<br \/>\u00d6te yandan Se\u00e7im Can Ko\u00e7\u2019un gol atamad\u0131\u011f\u0131 iki ma\u00e7ta Menemen FK yaln\u0131zca 1 puan alabildi; bu kar\u015f\u0131la\u015fmalardan biri beraberlikle, di\u011feri ise ma\u011flubiyetle sonu\u00e7land\u0131.<\/p>\n<p>Ge\u00e7en sezon 13 gol kaydetti<br \/>\n<br \/>Ge\u00e7ti\u011fimiz sezon \u0130zmir\u2019in bir di\u011fer temsilcisi Alia\u011fa FK\u2019dan Menemen FK\u2019ya transfer olan Se\u00e7im Can Ko\u00e7, 2024-2025 sezonunda da gol yollar\u0131nda tak\u0131m\u0131n\u0131n en \u00f6nemli isimlerinden biri olmay\u0131 ba\u015fard\u0131. 28 ya\u015f\u0131ndaki forvet, ge\u00e7ti\u011fimiz y\u0131l t\u00fcm kulvarlarda 31 ma\u00e7a \u00e7\u0131karken, 13 kez rakip fileleri havaland\u0131rarak skora \u00f6nemli katk\u0131 sa\u011flam\u0131\u015ft\u0131. Bu sezon da formunu s\u00fcrd\u00fcren deneyimli golc\u00fc, Menemen FK\u2019n\u0131n h\u00fccum hatt\u0131ndaki en etkili silahlar\u0131ndan biri olarak \u00f6ne \u00e7\u0131k\u0131yor.<br \/><\/p>\n","protected":false},"excerpt":{"rendered":"<p>Menemen FK\u2019n\u0131n 28 ya\u015f\u0131ndaki forvet oyuncusu Se\u00e7im Can Ko\u00e7, ligin ilk 5 haftas\u0131 itibar\u0131yla 6 gol kaydederek \u00f6nemli bir \u00e7\u0131k\u0131\u015f ger\u00e7ekle\u015ftirdi. TFF 2. Lig Beyaz Grup ekiplerinden Menemen FK, sezonun ilk 5 haftas\u0131nda sergiledi\u011fi performansla ba\u015far\u0131l\u0131 bir ba\u015flang\u0131ca imza att\u0131. Bu s\u00fcre\u00e7te 3 galibiyet, 2 beraberlik ve 1 ma\u011flubiyet elde eden \u0130zmir temsilcisi, toplad\u0131\u011f\u0131 10&#8230;<\/p>\n","protected":false},"author":1,"featured_media":56926,"comment_status":"open","ping_status":"open","sticky":false,"template":"","format":"standard","meta":{"_crdt_document":"","footnotes":""},"categories":[4],"tags":[],"class_list":["post-56925","post","type-post","status-publish","format-standard","has-post-thumbnail","hentry","category-spor"],"_links":{"self":[{"href":"https:\/\/www.egemtv.com\/index.php?rest_route=\/wp\/v2\/posts\/56925","targetHints":{"allow":["GET"]}}],"collection":[{"href":"https:\/\/www.egemtv.com\/index.php?rest_route=\/wp\/v2\/posts"}],"about":[{"href":"https:\/\/www.egemtv.com\/index.php?rest_route=\/wp\/v2\/types\/post"}],"author":[{"embeddable":true,"href":"https:\/\/www.egemtv.com\/index.php?rest_route=\/wp\/v2\/users\/1"}],"replies":[{"embeddable":true,"href":"https:\/\/www.egemtv.com\/index.php?rest_route=%2Fwp%2Fv2%2Fcomments&post=56925"}],"version-history":[{"count":1,"href":"https:\/\/www.egemtv.com\/index.php?rest_route=\/wp\/v2\/posts\/56925\/revisions"}],"predecessor-version":[{"id":56927,"href":"https:\/\/www.egemtv.com\/index.php?rest_route=\/wp\/v2\/posts\/56925\/revisions\/56927"}],"wp:featuredmedia":[{"embeddable":true,"href":"https:\/\/www.egemtv.com\/index.php?rest_route=\/wp\/v2\/media\/56926"}],"wp:attachment":[{"href":"https:\/\/www.egemtv.com\/index.php?rest_route=%2Fwp%2Fv2%2Fmedia&parent=56925"}],"wp:term":[{"taxonomy":"category","embeddable":true,"href":"https:\/\/www.egemtv.com\/index.php?rest_route=%2Fwp%2Fv2%2Fcategories&post=56925"},{"taxonomy":"post_tag","embeddable":true,"href":"https:\/\/www.egemtv.com\/index.php?rest_route=%2Fwp%2Fv2%2Ftags&post=56925"}],"curies":[{"name":"wp","href":"https:\/\/api.w.org\/{rel}","templated":true}]}}