{"id":56922,"date":"2025-09-24T10:14:58","date_gmt":"2025-09-24T07:14:58","guid":{"rendered":"https:\/\/www.egemtv.com\/?p=56922"},"modified":"2025-09-24T10:14:59","modified_gmt":"2025-09-24T07:14:59","slug":"sokede-yilin-ahileri-secilen-esnaflar-odullerini-aldi","status":"publish","type":"post","link":"https:\/\/www.egemtv.com\/?p=56922","title":{"rendered":"S\u00f6ke\u2019de y\u0131l\u0131n ahileri se\u00e7ilen esnaflar \u00f6d\u00fcllerini ald\u0131"},"content":{"rendered":"<p>Ahilik Haftas\u0131n\u0131n 38. Y\u0131l kutlama etkinli\u011fi Ayd\u0131n\u2019da ger\u00e7ekle\u015ftirilirken, S\u00f6ke\u2019nin ahileri de belli oldu.<\/p>\n<p>Ayd\u0131n Esnaf ve Sanatkarlar Odalar\u0131 Birli\u011fi (AYESOB) taraf\u0131ndan d\u00fczenlenen t\u00f6rende; sekt\u00f6rlerinde y\u0131l\u0131n ahisi olan esnaf ve sanatkarlara \u00f6d\u00fclleri verildi, geleneksel ku\u015faklar\u0131 ba\u011fland\u0131. S\u00f6ke Esnaf Odalar\u0131 taraf\u0131ndan belirlenen ve y\u0131l\u0131n ahisi olan isimler \u015f\u00f6yle;<br \/>\n<br \/>S\u00f6ke Terziler Odas\u0131 \u00fcyesi Cemal E\u011frikanat, Ba\u011faras\u0131 Esnaf Odas\u0131 \u00fcyesi Mehmet Yareneri, S\u00f6ke Meyve ve Sebzeciler Odas\u0131 Mustafa Bavik, S\u00f6ke Demirciler ve Madeni E\u015fya Sanatkarlar\u0131 Odas\u0131 \u00fcyesi Mehmet Bilir, S\u00f6ke Kahveciler Odas\u0131 \u00fcyesi H\u00fcseyin Dolmac\u0131, S\u00f6ke Berber ve Kuaf\u00f6rler Odas\u0131 \u00fcyesi Halil Arabac\u0131, S\u00f6ke Elektrik ve Elektronik\u00e7iler Odas\u0131 \u00fcyesi Erkan Allar, S\u00f6ke Marangozlar Odas\u0131 \u00fcyesi Hasan H\u00fcseyin G\u00fcm\u00fc\u015fkaya, S\u00f6ke \u015eof\u00f6rler ve Otomobilciler Odas\u0131 \u00fcyesi Mahmut Deveci, S\u00f6ke Bakkallar Odas\u0131 \u00dcyesi Mehmet Moran, S\u00f6ke Lokantac\u0131lar Odas\u0131 \u00fcyesi H\u00fcseyin Usta oldu.<br \/>\n<br \/>AYESOB taraf\u0131ndan d\u00fczenlenen \u015fed ku\u015fatma ve plaket t\u00f6renine S\u00f6ke\u2019nin esnaf oda ba\u015fkanlar\u0131 da kat\u0131larak, \u00fcyelerini yaln\u0131z b\u0131rakmad\u0131.<br \/><\/p>\n","protected":false},"excerpt":{"rendered":"<p>Ahilik Haftas\u0131n\u0131n 38. Y\u0131l kutlama etkinli\u011fi Ayd\u0131n\u2019da ger\u00e7ekle\u015ftirilirken, S\u00f6ke\u2019nin ahileri de belli oldu. Ayd\u0131n Esnaf ve Sanatkarlar Odalar\u0131 Birli\u011fi (AYESOB) taraf\u0131ndan d\u00fczenlenen t\u00f6rende; sekt\u00f6rlerinde y\u0131l\u0131n ahisi olan esnaf ve sanatkarlara \u00f6d\u00fclleri verildi, geleneksel ku\u015faklar\u0131 ba\u011fland\u0131. S\u00f6ke Esnaf Odalar\u0131 taraf\u0131ndan belirlenen ve y\u0131l\u0131n ahisi olan isimler \u015f\u00f6yle; S\u00f6ke Terziler Odas\u0131 \u00fcyesi Cemal E\u011frikanat, Ba\u011faras\u0131 Esnaf Odas\u0131&#8230;<\/p>\n","protected":false},"author":1,"featured_media":56923,"comment_status":"open","ping_status":"open","sticky":false,"template":"","format":"standard","meta":{"_crdt_document":"","footnotes":""},"categories":[1],"tags":[],"class_list":["post-56922","post","type-post","status-publish","format-standard","has-post-thumbnail","hentry","category-guncel"],"_links":{"self":[{"href":"https:\/\/www.egemtv.com\/index.php?rest_route=\/wp\/v2\/posts\/56922","targetHints":{"allow":["GET"]}}],"collection":[{"href":"https:\/\/www.egemtv.com\/index.php?rest_route=\/wp\/v2\/posts"}],"about":[{"href":"https:\/\/www.egemtv.com\/index.php?rest_route=\/wp\/v2\/types\/post"}],"author":[{"embeddable":true,"href":"https:\/\/www.egemtv.com\/index.php?rest_route=\/wp\/v2\/users\/1"}],"replies":[{"embeddable":true,"href":"https:\/\/www.egemtv.com\/index.php?rest_route=%2Fwp%2Fv2%2Fcomments&post=56922"}],"version-history":[{"count":1,"href":"https:\/\/www.egemtv.com\/index.php?rest_route=\/wp\/v2\/posts\/56922\/revisions"}],"predecessor-version":[{"id":56924,"href":"https:\/\/www.egemtv.com\/index.php?rest_route=\/wp\/v2\/posts\/56922\/revisions\/56924"}],"wp:featuredmedia":[{"embeddable":true,"href":"https:\/\/www.egemtv.com\/index.php?rest_route=\/wp\/v2\/media\/56923"}],"wp:attachment":[{"href":"https:\/\/www.egemtv.com\/index.php?rest_route=%2Fwp%2Fv2%2Fmedia&parent=56922"}],"wp:term":[{"taxonomy":"category","embeddable":true,"href":"https:\/\/www.egemtv.com\/index.php?rest_route=%2Fwp%2Fv2%2Fcategories&post=56922"},{"taxonomy":"post_tag","embeddable":true,"href":"https:\/\/www.egemtv.com\/index.php?rest_route=%2Fwp%2Fv2%2Ftags&post=56922"}],"curies":[{"name":"wp","href":"https:\/\/api.w.org\/{rel}","templated":true}]}}