{"id":56919,"date":"2025-09-24T10:14:58","date_gmt":"2025-09-24T07:14:58","guid":{"rendered":"https:\/\/www.egemtv.com\/?p=56919"},"modified":"2025-09-24T10:14:58","modified_gmt":"2025-09-24T07:14:58","slug":"termal-tesislere-ilgi","status":"publish","type":"post","link":"https:\/\/www.egemtv.com\/?p=56919","title":{"rendered":"Termal tesislere ilgi"},"content":{"rendered":"<p>K\u00fctahya\u2019n\u0131n Tav\u015fanl\u0131 il\u00e7esinde belediyeye ait termal tesisleri, \u015fifal\u0131 sular\u0131 ve do\u011fal g\u00fczellikleriyle yerli ve yabanc\u0131 ziyaret\u00e7ilerin ilgisini \u00e7ekmeye devam ediyor. Dinlenmek isteyenlerin u\u011frak noktas\u0131 olan tesis, sundu\u011fu imkanlarla ad\u0131ndan s\u00f6z ettiriyor.<br \/>\n<br \/>Tav\u015fanl\u0131\u2019da ya\u015fayan Nafiz Kara, G\u00f6bel Termal Tesisleri\u2019ni \u015fu s\u00f6zlerle anlatt\u0131:<br \/>\n<br \/>&#8220;Sabah saatlerinde G\u00f6bel Kapl\u0131calar\u0131\u2019na geldim. \u015eifal\u0131 sular\u0131 var, \u00e7ok g\u00fczel ve temiz bir oksijenli hava mevcut. Sular\u0131n yara iyile\u015ftirme \u00f6zelli\u011fi oldu\u011funu bizzat deneyimledim. Tav\u015fanl\u0131\u2019da oturuyorum ve buraya s\u00fcrekli geliyorum. \u015eifay\u0131 burada buldum.&#8221;<br \/>\n<br \/>Yerel esnaf Kemal \u00d6zkul da tesisin cazibesini vurgulayarak, &#8220;K\u00fctahya\u2019ya ba\u011fl\u0131 Tav\u015fanl\u0131 G\u00f6bel Kapl\u0131calar\u0131, harika bir mesire alan\u0131 ve sosyal tesisleriyle biliniyor. Buraya sadece Tav\u015fanl\u0131\u2019dan de\u011fil, \u00e7evre illerden ve il\u00e7elerden de \u00e7ok say\u0131da ziyaret\u00e7i geliyor. Sular, yan\u0131klar ve romatizma gibi rahats\u0131zl\u0131klara iyi geliyor. G\u00f6bekta\u015f\u0131, T\u00fcrk hamam\u0131 ve havuzlar\u0131yla g\u00f6r\u00fclmeye de\u011fer bir yer. Tav\u015fanl\u0131\u2019n\u0131n gurur kayna\u011f\u0131 olan bu g\u00fczide mekan\u0131 herkese tavsiye ediyoruz&#8221; dedi.<br \/>\n<br \/>\u0130stanbul\u2019dan gelen \u00dcmit K\u00fc\u00e7\u00fck ise tesisle ilgili memnuniyetini dile getirdi:<br \/>\n<br \/>&#8220;D\u00fcn ak\u015fam ye\u011fenimizi Dumlup\u0131nar \u00dcniversitesi\u2019ne kay\u0131t i\u00e7in getirdik ve G\u00f6bel\u2019e u\u011frad\u0131k. Buras\u0131 ger\u00e7ekten anlat\u0131ld\u0131\u011f\u0131 kadar g\u00fczel. Ailecek hamam sefas\u0131 yapt\u0131k ve \u00e7ok memnun kald\u0131k. Umar\u0131z tekrar gelme f\u0131rsat\u0131 buluruz.&#8221;<br \/>\n<br \/>G\u00f6bel Termal Tesisleri, \u015fifal\u0131 sular\u0131, do\u011fal g\u00fczellikleri ve sundu\u011fu sosyal imkanlarla ziyaret\u00e7ilerini a\u011f\u0131rlamaya devam ediyor. Tav\u015fanl\u0131\u2019n\u0131n bu e\u015fsiz noktas\u0131, sa\u011fl\u0131k ve huzur arayanlar i\u00e7in vazge\u00e7ilmez bir adres olmay\u0131 s\u00fcrd\u00fcr\u00fcyor.<br \/><\/p>\n","protected":false},"excerpt":{"rendered":"<p>K\u00fctahya\u2019n\u0131n Tav\u015fanl\u0131 il\u00e7esinde belediyeye ait termal tesisleri, \u015fifal\u0131 sular\u0131 ve do\u011fal g\u00fczellikleriyle yerli ve yabanc\u0131 ziyaret\u00e7ilerin ilgisini \u00e7ekmeye devam ediyor. Dinlenmek isteyenlerin u\u011frak noktas\u0131 olan tesis, sundu\u011fu imkanlarla ad\u0131ndan s\u00f6z ettiriyor. Tav\u015fanl\u0131\u2019da ya\u015fayan Nafiz Kara, G\u00f6bel Termal Tesisleri\u2019ni \u015fu s\u00f6zlerle anlatt\u0131: &#8220;Sabah saatlerinde G\u00f6bel Kapl\u0131calar\u0131\u2019na geldim. \u015eifal\u0131 sular\u0131 var, \u00e7ok g\u00fczel ve temiz bir oksijenli&#8230;<\/p>\n","protected":false},"author":1,"featured_media":56920,"comment_status":"open","ping_status":"open","sticky":false,"template":"","format":"standard","meta":{"_crdt_document":"","footnotes":""},"categories":[1],"tags":[],"class_list":["post-56919","post","type-post","status-publish","format-standard","has-post-thumbnail","hentry","category-guncel"],"_links":{"self":[{"href":"https:\/\/www.egemtv.com\/index.php?rest_route=\/wp\/v2\/posts\/56919","targetHints":{"allow":["GET"]}}],"collection":[{"href":"https:\/\/www.egemtv.com\/index.php?rest_route=\/wp\/v2\/posts"}],"about":[{"href":"https:\/\/www.egemtv.com\/index.php?rest_route=\/wp\/v2\/types\/post"}],"author":[{"embeddable":true,"href":"https:\/\/www.egemtv.com\/index.php?rest_route=\/wp\/v2\/users\/1"}],"replies":[{"embeddable":true,"href":"https:\/\/www.egemtv.com\/index.php?rest_route=%2Fwp%2Fv2%2Fcomments&post=56919"}],"version-history":[{"count":1,"href":"https:\/\/www.egemtv.com\/index.php?rest_route=\/wp\/v2\/posts\/56919\/revisions"}],"predecessor-version":[{"id":56921,"href":"https:\/\/www.egemtv.com\/index.php?rest_route=\/wp\/v2\/posts\/56919\/revisions\/56921"}],"wp:featuredmedia":[{"embeddable":true,"href":"https:\/\/www.egemtv.com\/index.php?rest_route=\/wp\/v2\/media\/56920"}],"wp:attachment":[{"href":"https:\/\/www.egemtv.com\/index.php?rest_route=%2Fwp%2Fv2%2Fmedia&parent=56919"}],"wp:term":[{"taxonomy":"category","embeddable":true,"href":"https:\/\/www.egemtv.com\/index.php?rest_route=%2Fwp%2Fv2%2Fcategories&post=56919"},{"taxonomy":"post_tag","embeddable":true,"href":"https:\/\/www.egemtv.com\/index.php?rest_route=%2Fwp%2Fv2%2Ftags&post=56919"}],"curies":[{"name":"wp","href":"https:\/\/api.w.org\/{rel}","templated":true}]}}