{"id":56916,"date":"2025-09-24T10:14:56","date_gmt":"2025-09-24T07:14:56","guid":{"rendered":"https:\/\/www.egemtv.com\/?p=56916"},"modified":"2025-09-24T10:14:58","modified_gmt":"2025-09-24T07:14:58","slug":"baskan-cercioglundan-muzikseverlere-davet","status":"publish","type":"post","link":"https:\/\/www.egemtv.com\/?p=56916","title":{"rendered":"Ba\u015fkan \u00c7er\u00e7io\u011flu\u2019ndan m\u00fczikseverlere davet"},"content":{"rendered":"<p>Ayd\u0131n B\u00fcy\u00fck\u015fehir Belediyesi Konservatuvar\u0131, k\u00fclt\u00fcr ve sanat alan\u0131ndaki \u00e7al\u0131\u015fmalar\u0131na devam ediyor.<\/p>\n<p>14 ya\u015f ve \u00fczerindeki vatanda\u015flar\u0131n kat\u0131labilece\u011fi e\u011fitimler kontenjanla s\u0131n\u0131rl\u0131 olacak. \u00d6\u011frenci kabul\u00fc ise yetenek s\u0131nav\u0131 ile ger\u00e7ekle\u015ftirilecek. E\u011fitimlere kat\u0131lmaya hak kazanan kursiyerler, m\u00fczi\u011fin farkl\u0131 dallar\u0131nda kendilerini geli\u015ftirme imk\u00e2n\u0131 bulacak. Kay\u0131tlar, 29 Eyl\u00fcl &#8211; 11 Ekim tarihleri aras\u0131nda Vali Yaz\u0131c\u0131o\u011flu K\u00fclt\u00fcr Merkezi\u2019nde yap\u0131labilecek.<\/p>\n<p>Ayd\u0131n B\u00fcy\u00fck\u015fehir Belediye Ba\u015fkan\u0131 \u00d6zlem \u00c7er\u00e7io\u011flu, m\u00fczi\u011fin kent ya\u015fam\u0131na katt\u0131\u011f\u0131 de\u011fere vurgu yaparak t\u00fcm m\u00fczikseverleri kay\u0131t yapt\u0131rmaya davet etti. Ba\u015fkan \u00c7er\u00e7io\u011flu, &#8220;Sanat\u0131n her dal\u0131n\u0131 vatanda\u015flar\u0131m\u0131zla bulu\u015fturmak i\u00e7in \u00e7al\u0131\u015fmalar\u0131m\u0131z\u0131 s\u00fcrd\u00fcr\u00fcyoruz. \u00d6zellikle gen\u00e7lerimizi ve \u00e7ocuklar\u0131m\u0131z\u0131 k\u00fclt\u00fcr ve sanat\u0131n i\u00e7inde g\u00f6rmek bizleri mutlu ediyor. Her ya\u015ftan vatanda\u015f\u0131m\u0131z\u0131n k\u00fclt\u00fcr ve sanat etkinlikleri ile bulu\u015fmas\u0131 i\u00e7in \u00e7al\u0131\u015fmalar\u0131m\u0131z\u0131 s\u00fcrd\u00fcrece\u011fiz&#8221; ifadelerini kulland\u0131.<br \/><\/p>\n","protected":false},"excerpt":{"rendered":"<p>Ayd\u0131n B\u00fcy\u00fck\u015fehir Belediyesi Konservatuvar\u0131, k\u00fclt\u00fcr ve sanat alan\u0131ndaki \u00e7al\u0131\u015fmalar\u0131na devam ediyor. 14 ya\u015f ve \u00fczerindeki vatanda\u015flar\u0131n kat\u0131labilece\u011fi e\u011fitimler kontenjanla s\u0131n\u0131rl\u0131 olacak. \u00d6\u011frenci kabul\u00fc ise yetenek s\u0131nav\u0131 ile ger\u00e7ekle\u015ftirilecek. E\u011fitimlere kat\u0131lmaya hak kazanan kursiyerler, m\u00fczi\u011fin farkl\u0131 dallar\u0131nda kendilerini geli\u015ftirme imk\u00e2n\u0131 bulacak. Kay\u0131tlar, 29 Eyl\u00fcl &#8211; 11 Ekim tarihleri aras\u0131nda Vali Yaz\u0131c\u0131o\u011flu K\u00fclt\u00fcr Merkezi\u2019nde yap\u0131labilecek. Ayd\u0131n B\u00fcy\u00fck\u015fehir&#8230;<\/p>\n","protected":false},"author":1,"featured_media":56917,"comment_status":"open","ping_status":"open","sticky":false,"template":"","format":"standard","meta":{"_crdt_document":"","footnotes":""},"categories":[1],"tags":[],"class_list":["post-56916","post","type-post","status-publish","format-standard","has-post-thumbnail","hentry","category-guncel"],"_links":{"self":[{"href":"https:\/\/www.egemtv.com\/index.php?rest_route=\/wp\/v2\/posts\/56916","targetHints":{"allow":["GET"]}}],"collection":[{"href":"https:\/\/www.egemtv.com\/index.php?rest_route=\/wp\/v2\/posts"}],"about":[{"href":"https:\/\/www.egemtv.com\/index.php?rest_route=\/wp\/v2\/types\/post"}],"author":[{"embeddable":true,"href":"https:\/\/www.egemtv.com\/index.php?rest_route=\/wp\/v2\/users\/1"}],"replies":[{"embeddable":true,"href":"https:\/\/www.egemtv.com\/index.php?rest_route=%2Fwp%2Fv2%2Fcomments&post=56916"}],"version-history":[{"count":1,"href":"https:\/\/www.egemtv.com\/index.php?rest_route=\/wp\/v2\/posts\/56916\/revisions"}],"predecessor-version":[{"id":56918,"href":"https:\/\/www.egemtv.com\/index.php?rest_route=\/wp\/v2\/posts\/56916\/revisions\/56918"}],"wp:featuredmedia":[{"embeddable":true,"href":"https:\/\/www.egemtv.com\/index.php?rest_route=\/wp\/v2\/media\/56917"}],"wp:attachment":[{"href":"https:\/\/www.egemtv.com\/index.php?rest_route=%2Fwp%2Fv2%2Fmedia&parent=56916"}],"wp:term":[{"taxonomy":"category","embeddable":true,"href":"https:\/\/www.egemtv.com\/index.php?rest_route=%2Fwp%2Fv2%2Fcategories&post=56916"},{"taxonomy":"post_tag","embeddable":true,"href":"https:\/\/www.egemtv.com\/index.php?rest_route=%2Fwp%2Fv2%2Ftags&post=56916"}],"curies":[{"name":"wp","href":"https:\/\/api.w.org\/{rel}","templated":true}]}}