{"id":56913,"date":"2025-09-24T10:14:56","date_gmt":"2025-09-24T07:14:56","guid":{"rendered":"https:\/\/www.egemtv.com\/?p=56913"},"modified":"2025-09-24T10:14:56","modified_gmt":"2025-09-24T07:14:56","slug":"yolun-karsisina-gecmek-isterken-canindan-oldu","status":"publish","type":"post","link":"https:\/\/www.egemtv.com\/?p=56913","title":{"rendered":"Yolun kar\u015f\u0131s\u0131na ge\u00e7mek isterken can\u0131ndan oldu"},"content":{"rendered":"<p>Ayd\u0131n\u2019\u0131n K\u00f6\u015fk il\u00e7esinde meydana gelen trafik kazas\u0131nda yolun kar\u015f\u0131s\u0131na ge\u00e7mek isterken otomobilin \u00e7arpt\u0131\u011f\u0131 ya\u015fl\u0131 kad\u0131n hayat\u0131n\u0131 kaybetti.<\/p>\n<p>Kaza, Ayd\u0131n-Denizli Karayolu \u00fczeri Beyk\u00f6y Mahalle giri\u015finde ak\u015fam saatlerinde meydana geldi. Edinilen bilgiye g\u00f6re, \u0130.K. y\u00f6netimindeki 09 RE 225 plakal\u0131 otomobil yolun kar\u015f\u0131s\u0131na ge\u00e7meye \u00e7al\u0131\u015fan Pembe \u015eahino\u011flu\u2019na (70) \u00e7arpt\u0131. \u00c7arpman\u0131n etkisi ile ya\u015fl\u0131 kad\u0131n savrularak yere d\u00fc\u015ft\u00fc. Kazay\u0131 g\u00f6renler durumu 112 Acil \u00c7a\u011fr\u0131 Merkezi\u2019ne bildirdi. \u0130hbar \u00fczerine b\u00f6lgeye sa\u011fl\u0131k ve polis ekipleri sevk edildi. K\u0131sa s\u00fcrede olay yerine gelen sa\u011fl\u0131k ekipleri yapt\u0131klar\u0131 kontrollerde ya\u015fl\u0131 kad\u0131n\u0131n hayat\u0131n\u0131 kaybetti\u011fini belirledi. \u015eahino\u011flu\u2019nun \u00f6l\u00fcm haberini alan yak\u0131nlar\u0131 yasa bo\u011fuldu. Ya\u015fl\u0131 kad\u0131n\u0131n cans\u0131z bedeni olay yeri inceleme \u00e7al\u0131\u015fmalar\u0131n\u0131n ard\u0131ndan hastane morguna kald\u0131r\u0131ld\u0131.<\/p>\n<p>Olayla ilgili soru\u015fturma s\u00fcr\u00fcyor.<br \/><\/p>\n","protected":false},"excerpt":{"rendered":"<p>Ayd\u0131n\u2019\u0131n K\u00f6\u015fk il\u00e7esinde meydana gelen trafik kazas\u0131nda yolun kar\u015f\u0131s\u0131na ge\u00e7mek isterken otomobilin \u00e7arpt\u0131\u011f\u0131 ya\u015fl\u0131 kad\u0131n hayat\u0131n\u0131 kaybetti. Kaza, Ayd\u0131n-Denizli Karayolu \u00fczeri Beyk\u00f6y Mahalle giri\u015finde ak\u015fam saatlerinde meydana geldi. Edinilen bilgiye g\u00f6re, \u0130.K. y\u00f6netimindeki 09 RE 225 plakal\u0131 otomobil yolun kar\u015f\u0131s\u0131na ge\u00e7meye \u00e7al\u0131\u015fan Pembe \u015eahino\u011flu\u2019na (70) \u00e7arpt\u0131. \u00c7arpman\u0131n etkisi ile ya\u015fl\u0131 kad\u0131n savrularak yere d\u00fc\u015ft\u00fc. Kazay\u0131&#8230;<\/p>\n","protected":false},"author":1,"featured_media":56914,"comment_status":"open","ping_status":"open","sticky":false,"template":"","format":"standard","meta":{"_crdt_document":"","footnotes":""},"categories":[5],"tags":[],"class_list":["post-56913","post","type-post","status-publish","format-standard","has-post-thumbnail","hentry","category-asayis"],"_links":{"self":[{"href":"https:\/\/www.egemtv.com\/index.php?rest_route=\/wp\/v2\/posts\/56913","targetHints":{"allow":["GET"]}}],"collection":[{"href":"https:\/\/www.egemtv.com\/index.php?rest_route=\/wp\/v2\/posts"}],"about":[{"href":"https:\/\/www.egemtv.com\/index.php?rest_route=\/wp\/v2\/types\/post"}],"author":[{"embeddable":true,"href":"https:\/\/www.egemtv.com\/index.php?rest_route=\/wp\/v2\/users\/1"}],"replies":[{"embeddable":true,"href":"https:\/\/www.egemtv.com\/index.php?rest_route=%2Fwp%2Fv2%2Fcomments&post=56913"}],"version-history":[{"count":1,"href":"https:\/\/www.egemtv.com\/index.php?rest_route=\/wp\/v2\/posts\/56913\/revisions"}],"predecessor-version":[{"id":56915,"href":"https:\/\/www.egemtv.com\/index.php?rest_route=\/wp\/v2\/posts\/56913\/revisions\/56915"}],"wp:featuredmedia":[{"embeddable":true,"href":"https:\/\/www.egemtv.com\/index.php?rest_route=\/wp\/v2\/media\/56914"}],"wp:attachment":[{"href":"https:\/\/www.egemtv.com\/index.php?rest_route=%2Fwp%2Fv2%2Fmedia&parent=56913"}],"wp:term":[{"taxonomy":"category","embeddable":true,"href":"https:\/\/www.egemtv.com\/index.php?rest_route=%2Fwp%2Fv2%2Fcategories&post=56913"},{"taxonomy":"post_tag","embeddable":true,"href":"https:\/\/www.egemtv.com\/index.php?rest_route=%2Fwp%2Fv2%2Ftags&post=56913"}],"curies":[{"name":"wp","href":"https:\/\/api.w.org\/{rel}","templated":true}]}}