{"id":56910,"date":"2025-09-24T09:55:04","date_gmt":"2025-09-24T06:55:04","guid":{"rendered":"https:\/\/www.egemtv.com\/?p=56910"},"modified":"2025-09-24T09:55:05","modified_gmt":"2025-09-24T06:55:05","slug":"kutahyada-acil-cagri-merkezi-faaliyetleri-degerlendirildi","status":"publish","type":"post","link":"https:\/\/www.egemtv.com\/?p=56910","title":{"rendered":"K\u00fctahya\u2019da Acil \u00c7a\u011fr\u0131 Merkezi faaliyetleri de\u011ferlendirildi"},"content":{"rendered":"<p>K\u00fctahya\u2019da Vali Musa I\u015f\u0131n\u2019\u0131n ba\u015fkanl\u0131\u011f\u0131nda Acil \u00c7a\u011fr\u0131 Hizmetleri \u0130l Koordinasyon Komisyonu Toplant\u0131s\u0131 ger\u00e7ekle\u015ftirildi.<br \/>\n<br \/>Toplant\u0131ya; Belediye Ba\u015fkan\u0131 Ey\u00fcp Kahveci, Vali Yard\u0131mc\u0131s\u0131 Harun Kazez, \u0130l Jandarma Komutan\u0131 J. Kd. Albay Vedat K\u00fclt\u00fcr, \u0130l Emniyet M\u00fcd\u00fcr\u00fc Osman Elbir, Orman B\u00f6lge M\u00fcd\u00fcr\u00fc Erdal Dingil, \u0130l Afet ve Acil Durum M\u00fcd\u00fcr\u00fc \u0130smail \u00d6zkan, \u0130l Sa\u011fl\u0131k M\u00fcd\u00fcr\u00fc Do\u00e7. Dr. Ensar Durmu\u015f ve 112 Acil \u00c7a\u011fr\u0131 Merkezi M\u00fcd\u00fcr\u00fc Tamer Yi\u011fit kat\u0131ld\u0131.<br \/>\n<br \/>Toplant\u0131da, 112 Acil \u00c7a\u011fr\u0131 Merkezi\u2019nin 2025 y\u0131l\u0131 ilk 8 ayl\u0131k faaliyetleri ve istatistikleri komisyon \u00fcyelerine sunuldu. \u00c7a\u011fr\u0131 kar\u015f\u0131lama oranlar\u0131, vatanda\u015flardan gelen talepler, kurumlar\u0131n ortak i\u015fleyi\u015fleri, e\u011fitim ve bilgilendirme faaliyetleri ile ilgili de\u011ferlendirmeler yap\u0131ld\u0131.<br \/>\n<br \/>Ayr\u0131ca, kamu kurum ve kurulu\u015flar\u0131, STK\u2019lar ve yerel y\u00f6netimlerin kat\u0131l\u0131m\u0131yla vatanda\u015flara y\u00f6nelik bilgilendirme ve fark\u0131ndal\u0131k \u00e7al\u0131\u015fmalar\u0131n\u0131n art\u0131r\u0131lmas\u0131, e\u011fitim kurumlar\u0131nda tan\u0131t\u0131m faaliyetlerinin s\u00fcrd\u00fcr\u00fclmesi ve kurumlar aras\u0131 koordinasyonun g\u00fc\u00e7lendirilmesi kararla\u015ft\u0131r\u0131ld\u0131.<br \/>\n<br \/>Toplant\u0131, g\u00f6r\u00fc\u015f ve \u00f6nerilerin payla\u015f\u0131lmas\u0131n\u0131n ard\u0131ndan sona erdi.<br \/><\/p>\n","protected":false},"excerpt":{"rendered":"<p>K\u00fctahya\u2019da Vali Musa I\u015f\u0131n\u2019\u0131n ba\u015fkanl\u0131\u011f\u0131nda Acil \u00c7a\u011fr\u0131 Hizmetleri \u0130l Koordinasyon Komisyonu Toplant\u0131s\u0131 ger\u00e7ekle\u015ftirildi. Toplant\u0131ya; Belediye Ba\u015fkan\u0131 Ey\u00fcp Kahveci, Vali Yard\u0131mc\u0131s\u0131 Harun Kazez, \u0130l Jandarma Komutan\u0131 J. Kd. Albay Vedat K\u00fclt\u00fcr, \u0130l Emniyet M\u00fcd\u00fcr\u00fc Osman Elbir, Orman B\u00f6lge M\u00fcd\u00fcr\u00fc Erdal Dingil, \u0130l Afet ve Acil Durum M\u00fcd\u00fcr\u00fc \u0130smail \u00d6zkan, \u0130l Sa\u011fl\u0131k M\u00fcd\u00fcr\u00fc Do\u00e7. Dr. Ensar Durmu\u015f&#8230;<\/p>\n","protected":false},"author":1,"featured_media":56911,"comment_status":"open","ping_status":"open","sticky":false,"template":"","format":"standard","meta":{"_crdt_document":"","footnotes":""},"categories":[2],"tags":[],"class_list":["post-56910","post","type-post","status-publish","format-standard","has-post-thumbnail","hentry","category-saglik"],"_links":{"self":[{"href":"https:\/\/www.egemtv.com\/index.php?rest_route=\/wp\/v2\/posts\/56910","targetHints":{"allow":["GET"]}}],"collection":[{"href":"https:\/\/www.egemtv.com\/index.php?rest_route=\/wp\/v2\/posts"}],"about":[{"href":"https:\/\/www.egemtv.com\/index.php?rest_route=\/wp\/v2\/types\/post"}],"author":[{"embeddable":true,"href":"https:\/\/www.egemtv.com\/index.php?rest_route=\/wp\/v2\/users\/1"}],"replies":[{"embeddable":true,"href":"https:\/\/www.egemtv.com\/index.php?rest_route=%2Fwp%2Fv2%2Fcomments&post=56910"}],"version-history":[{"count":1,"href":"https:\/\/www.egemtv.com\/index.php?rest_route=\/wp\/v2\/posts\/56910\/revisions"}],"predecessor-version":[{"id":56912,"href":"https:\/\/www.egemtv.com\/index.php?rest_route=\/wp\/v2\/posts\/56910\/revisions\/56912"}],"wp:featuredmedia":[{"embeddable":true,"href":"https:\/\/www.egemtv.com\/index.php?rest_route=\/wp\/v2\/media\/56911"}],"wp:attachment":[{"href":"https:\/\/www.egemtv.com\/index.php?rest_route=%2Fwp%2Fv2%2Fmedia&parent=56910"}],"wp:term":[{"taxonomy":"category","embeddable":true,"href":"https:\/\/www.egemtv.com\/index.php?rest_route=%2Fwp%2Fv2%2Fcategories&post=56910"},{"taxonomy":"post_tag","embeddable":true,"href":"https:\/\/www.egemtv.com\/index.php?rest_route=%2Fwp%2Fv2%2Ftags&post=56910"}],"curies":[{"name":"wp","href":"https:\/\/api.w.org\/{rel}","templated":true}]}}