{"id":56907,"date":"2025-09-24T09:55:04","date_gmt":"2025-09-24T06:55:04","guid":{"rendered":"https:\/\/www.egemtv.com\/?p=56907"},"modified":"2025-09-24T09:55:04","modified_gmt":"2025-09-24T06:55:04","slug":"baskan-eyup-kahveciden-kugiada-anlamli-ziyaret","status":"publish","type":"post","link":"https:\/\/www.egemtv.com\/?p=56907","title":{"rendered":"Ba\u015fkan Ey\u00fcp Kahveci\u2019den K\u00dcG\u0130AD\u2019a anlaml\u0131 ziyaret"},"content":{"rendered":"<p>K\u00fctahya Belediye Ba\u015fkan\u0131 Ey\u00fcp Kahveci, \u015fehrin ekonomik ve sosyal kalk\u0131nmas\u0131na katk\u0131 sunan K\u00fctahya Gen\u00e7 \u0130\u015f \u0130nsanlar\u0131 Derne\u011fi\u2019ni (K\u00dcG\u0130AD) ziyaret etti.<br \/>\n<br \/>K\u00dcG\u0130AD Ba\u015fkan\u0131 Alper Altun ve dernek y\u00f6netim kurulu \u00fcyeleri taraf\u0131ndan kar\u015f\u0131lanan Belediye Ba\u015fkan\u0131 Ey\u00fcp Kahveci, \u015fehrin gelece\u011fine dair isti\u015farelerde bulundu. K\u00fctahya\u2019n\u0131n ekonomik potansiyelini harekete ge\u00e7irecek yeni projeler, giri\u015fimcilik ekosisteminin g\u00fc\u00e7lendirilmesi, istihdam imkanlar\u0131n\u0131n art\u0131r\u0131lmas\u0131 ve belediyenin gen\u00e7 i\u015f insanlar\u0131na y\u00f6nelik destekleri masaya yat\u0131r\u0131ld\u0131.<br \/>\n<br \/>Belediye Ba\u015fkan\u0131 Ey\u00fcp Kahveci, gen\u00e7 ve vizyoner i\u015f insanlar\u0131n\u0131 \u015fehrin kalk\u0131nma hedefleri i\u00e7in b\u00fcy\u00fck bir f\u0131rsat olarak g\u00f6rd\u00fc\u011f\u00fcn\u00fc belirterek, gen\u00e7 giri\u015fimcilere y\u00f6nelik mentorluk programlar\u0131 ve sosyal sorumluluk alanlar\u0131nda belediye ile dernek i\u015f birli\u011finin \u00f6nemine dikkat \u00e7ekti.<br \/>\n<br \/>K\u00dcG\u0130AD Ba\u015fkan\u0131 Alper Altun ziyaretten duydu\u011fu memnuniyeti ifade ederek, Belediye Ba\u015fkan\u0131 Ey\u00fcp Kahveci\u2019ye te\u015fekk\u00fcrlerini sundu.<br \/>\n<br \/>Ziyaret kar\u015f\u0131l\u0131kl\u0131 iyi dilek temennileri ve hat\u0131ra foto\u011fraf \u00e7ekimi ile sona erdi.<br \/><\/p>\n","protected":false},"excerpt":{"rendered":"<p>K\u00fctahya Belediye Ba\u015fkan\u0131 Ey\u00fcp Kahveci, \u015fehrin ekonomik ve sosyal kalk\u0131nmas\u0131na katk\u0131 sunan K\u00fctahya Gen\u00e7 \u0130\u015f \u0130nsanlar\u0131 Derne\u011fi\u2019ni (K\u00dcG\u0130AD) ziyaret etti. K\u00dcG\u0130AD Ba\u015fkan\u0131 Alper Altun ve dernek y\u00f6netim kurulu \u00fcyeleri taraf\u0131ndan kar\u015f\u0131lanan Belediye Ba\u015fkan\u0131 Ey\u00fcp Kahveci, \u015fehrin gelece\u011fine dair isti\u015farelerde bulundu. K\u00fctahya\u2019n\u0131n ekonomik potansiyelini harekete ge\u00e7irecek yeni projeler, giri\u015fimcilik ekosisteminin g\u00fc\u00e7lendirilmesi, istihdam imkanlar\u0131n\u0131n art\u0131r\u0131lmas\u0131 ve belediyenin&#8230;<\/p>\n","protected":false},"author":1,"featured_media":56908,"comment_status":"open","ping_status":"open","sticky":false,"template":"","format":"standard","meta":{"_crdt_document":"","footnotes":""},"categories":[123],"tags":[],"class_list":["post-56907","post","type-post","status-publish","format-standard","has-post-thumbnail","hentry","category-gundem"],"_links":{"self":[{"href":"https:\/\/www.egemtv.com\/index.php?rest_route=\/wp\/v2\/posts\/56907","targetHints":{"allow":["GET"]}}],"collection":[{"href":"https:\/\/www.egemtv.com\/index.php?rest_route=\/wp\/v2\/posts"}],"about":[{"href":"https:\/\/www.egemtv.com\/index.php?rest_route=\/wp\/v2\/types\/post"}],"author":[{"embeddable":true,"href":"https:\/\/www.egemtv.com\/index.php?rest_route=\/wp\/v2\/users\/1"}],"replies":[{"embeddable":true,"href":"https:\/\/www.egemtv.com\/index.php?rest_route=%2Fwp%2Fv2%2Fcomments&post=56907"}],"version-history":[{"count":1,"href":"https:\/\/www.egemtv.com\/index.php?rest_route=\/wp\/v2\/posts\/56907\/revisions"}],"predecessor-version":[{"id":56909,"href":"https:\/\/www.egemtv.com\/index.php?rest_route=\/wp\/v2\/posts\/56907\/revisions\/56909"}],"wp:featuredmedia":[{"embeddable":true,"href":"https:\/\/www.egemtv.com\/index.php?rest_route=\/wp\/v2\/media\/56908"}],"wp:attachment":[{"href":"https:\/\/www.egemtv.com\/index.php?rest_route=%2Fwp%2Fv2%2Fmedia&parent=56907"}],"wp:term":[{"taxonomy":"category","embeddable":true,"href":"https:\/\/www.egemtv.com\/index.php?rest_route=%2Fwp%2Fv2%2Fcategories&post=56907"},{"taxonomy":"post_tag","embeddable":true,"href":"https:\/\/www.egemtv.com\/index.php?rest_route=%2Fwp%2Fv2%2Ftags&post=56907"}],"curies":[{"name":"wp","href":"https:\/\/api.w.org\/{rel}","templated":true}]}}