{"id":56904,"date":"2025-09-24T09:55:02","date_gmt":"2025-09-24T06:55:02","guid":{"rendered":"https:\/\/www.egemtv.com\/?p=56904"},"modified":"2025-09-24T09:55:03","modified_gmt":"2025-09-24T06:55:03","slug":"baskan-cercioglu-sanatla-buyuyen-nesiller-gelecegimizdir","status":"publish","type":"post","link":"https:\/\/www.egemtv.com\/?p=56904","title":{"rendered":"Ba\u015fkan \u00c7er\u00e7io\u011flu: &#8220;Sanatla b\u00fcy\u00fcyen nesiller gelece\u011fimizdir&#8221;"},"content":{"rendered":"<p>Ayd\u0131n B\u00fcy\u00fck\u015fehir Belediyesi Konservatuvar\u0131, gelece\u011fin sanat\u00e7\u0131lar\u0131n\u0131 yeti\u015ftirmeye devam ediyor. Ayd\u0131n B\u00fcy\u00fck\u015fehir Belediye Ba\u015fkan\u0131 \u00d6zlem \u00c7er\u00e7io\u011flu, t\u00fcm \u00e7ocuklar\u0131 koroya davet ederek, &#8220;Sanatla b\u00fcy\u00fcyen nesiller gelece\u011fimizdir&#8221; dedi.<\/p>\n<p>7-13 ya\u015f aras\u0131ndaki \u00e7ocuklar\u0131n kat\u0131labilece\u011fi \u00c7ocuk Korosu, kontenjanla s\u0131n\u0131rl\u0131 olacak. \u00d6\u011frenci kabul\u00fc yetenek s\u0131nav\u0131 ile ger\u00e7ekle\u015ftirilecek. Koroya kat\u0131lmaya hak kazanan \u00e7ocuklar, ses e\u011fitimi al\u0131rken ayn\u0131 zamanda sahne deneyimi kazanacak. Kay\u0131tlar, 29 Eyl\u00fcl &#8211; 11 Ekim tarihleri aras\u0131nda Vali Yaz\u0131c\u0131o\u011flu K\u00fclt\u00fcr Merkezi\u2019nde yap\u0131labilecek. Ayd\u0131n B\u00fcy\u00fck\u015fehir Belediye Ba\u015fkan\u0131 \u00d6zlem \u00c7er\u00e7io\u011flu, \u00e7ocuklar\u0131n k\u00fc\u00e7\u00fck ya\u015fta sanatla bulu\u015fturulmas\u0131n\u0131n \u00f6nemine dikkat \u00e7ekerek, &#8220;Sanatla b\u00fcy\u00fcyen nesiller hem kendilerine hem de toplumlar\u0131na de\u011fer katar. Biz de \u00e7ocuklar\u0131m\u0131z\u0131n seslerini sanatla birle\u015ftirmeleri i\u00e7in bu imk\u00e2n\u0131 sunuyoruz. T\u00fcm \u00e7ocuklar\u0131m\u0131z\u0131 \u00c7ocuk Korosu\u2019na kat\u0131lmaya davet ediyorum&#8221; ifadelerini kulland\u0131.<br \/><\/p>\n","protected":false},"excerpt":{"rendered":"<p>Ayd\u0131n B\u00fcy\u00fck\u015fehir Belediyesi Konservatuvar\u0131, gelece\u011fin sanat\u00e7\u0131lar\u0131n\u0131 yeti\u015ftirmeye devam ediyor. Ayd\u0131n B\u00fcy\u00fck\u015fehir Belediye Ba\u015fkan\u0131 \u00d6zlem \u00c7er\u00e7io\u011flu, t\u00fcm \u00e7ocuklar\u0131 koroya davet ederek, &#8220;Sanatla b\u00fcy\u00fcyen nesiller gelece\u011fimizdir&#8221; dedi. 7-13 ya\u015f aras\u0131ndaki \u00e7ocuklar\u0131n kat\u0131labilece\u011fi \u00c7ocuk Korosu, kontenjanla s\u0131n\u0131rl\u0131 olacak. \u00d6\u011frenci kabul\u00fc yetenek s\u0131nav\u0131 ile ger\u00e7ekle\u015ftirilecek. Koroya kat\u0131lmaya hak kazanan \u00e7ocuklar, ses e\u011fitimi al\u0131rken ayn\u0131 zamanda sahne deneyimi kazanacak. Kay\u0131tlar,&#8230;<\/p>\n","protected":false},"author":1,"featured_media":56905,"comment_status":"open","ping_status":"open","sticky":false,"template":"","format":"standard","meta":{"_crdt_document":"","footnotes":""},"categories":[1],"tags":[],"class_list":["post-56904","post","type-post","status-publish","format-standard","has-post-thumbnail","hentry","category-guncel"],"_links":{"self":[{"href":"https:\/\/www.egemtv.com\/index.php?rest_route=\/wp\/v2\/posts\/56904","targetHints":{"allow":["GET"]}}],"collection":[{"href":"https:\/\/www.egemtv.com\/index.php?rest_route=\/wp\/v2\/posts"}],"about":[{"href":"https:\/\/www.egemtv.com\/index.php?rest_route=\/wp\/v2\/types\/post"}],"author":[{"embeddable":true,"href":"https:\/\/www.egemtv.com\/index.php?rest_route=\/wp\/v2\/users\/1"}],"replies":[{"embeddable":true,"href":"https:\/\/www.egemtv.com\/index.php?rest_route=%2Fwp%2Fv2%2Fcomments&post=56904"}],"version-history":[{"count":1,"href":"https:\/\/www.egemtv.com\/index.php?rest_route=\/wp\/v2\/posts\/56904\/revisions"}],"predecessor-version":[{"id":56906,"href":"https:\/\/www.egemtv.com\/index.php?rest_route=\/wp\/v2\/posts\/56904\/revisions\/56906"}],"wp:featuredmedia":[{"embeddable":true,"href":"https:\/\/www.egemtv.com\/index.php?rest_route=\/wp\/v2\/media\/56905"}],"wp:attachment":[{"href":"https:\/\/www.egemtv.com\/index.php?rest_route=%2Fwp%2Fv2%2Fmedia&parent=56904"}],"wp:term":[{"taxonomy":"category","embeddable":true,"href":"https:\/\/www.egemtv.com\/index.php?rest_route=%2Fwp%2Fv2%2Fcategories&post=56904"},{"taxonomy":"post_tag","embeddable":true,"href":"https:\/\/www.egemtv.com\/index.php?rest_route=%2Fwp%2Fv2%2Ftags&post=56904"}],"curies":[{"name":"wp","href":"https:\/\/api.w.org\/{rel}","templated":true}]}}