{"id":56901,"date":"2025-09-24T09:34:45","date_gmt":"2025-09-24T06:34:45","guid":{"rendered":"https:\/\/www.egemtv.com\/?p=56901"},"modified":"2025-09-24T09:34:46","modified_gmt":"2025-09-24T06:34:46","slug":"tarimsal-uretimin-verimliligi-icin-bir-araya-gelindi","status":"publish","type":"post","link":"https:\/\/www.egemtv.com\/?p=56901","title":{"rendered":"Tar\u0131msal \u00fcretimin verimlili\u011fi i\u00e7in bir araya gelindi"},"content":{"rendered":"<p>Afyonkarahisar\u2019da \u20182025 \u00dcretim Y\u0131l\u0131 Bitkisel \u00dcretim Planlamas\u0131 saha \u00e7al\u0131\u015fmalar\u0131 hakk\u0131nda isti\u015fare ve 2026 \u00dcretim Y\u0131l\u0131 Bitkisel \u00dcretim Destekleri\u2019 hakk\u0131nda bilgilendirme toplant\u0131s\u0131 ger\u00e7ekle\u015ftirildi.<br \/>\n<br \/>Ger\u00e7ekle\u015ftirilen toplant\u0131yla ilgili Afyonkarahisar Tar\u0131m ve Orman \u0130l M\u00fcd\u00fcrl\u00fc\u011f\u00fcnden yap\u0131lan yaz\u0131l\u0131 a\u00e7\u0131klamada, &#8220;2025 \u00dcretim Y\u0131l\u0131 Bitkisel \u00dcretim Planlamas\u0131 saha \u00e7al\u0131\u015fmalar\u0131 hakk\u0131nda isti\u015fare ve 2026 \u00dcretim Y\u0131l\u0131 Bitkisel \u00dcretim Destekleri hakk\u0131nda bilgilendirme toplant\u0131lar\u0131m\u0131z devam ediyor.<br \/>\n<br \/>Genel M\u00fcd\u00fcr Yard\u0131mc\u0131m\u0131z Ergin Toprak\u2019\u0131n kat\u0131l\u0131m\u0131 ile Nev\u015fehir ve Aksaray\u2019da, Tar\u0131m Havzalar\u0131 Daire Ba\u015fkan\u0131m\u0131z Dr. Emre Yeniay\u2019\u0131n kat\u0131l\u0131m\u0131 ile Afyonkarahisar\u2019da, \u0130l M\u00fcd\u00fcrlerimiz, Bitkisel \u00dcretim \u015eube M\u00fcd\u00fcrlerimiz, \u0130l\u00e7e M\u00fcd\u00fcrlerimiz, Ziraat Odas\u0131 Ba\u015fkanlar\u0131m\u0131z ve teknik personellerin kat\u0131l\u0131m\u0131 ile De\u011ferlendirme ve Bilgilendirme toplant\u0131lar\u0131 ger\u00e7ekle\u015ftirildi. Toplant\u0131larda 2025 \u00fcretim y\u0131l\u0131nda \u00fcretilen \u00fcr\u00fcnlerin uydu g\u00f6r\u00fcnt\u00fcleri ile do\u011frulanmas\u0131 \u00e7al\u0131\u015fmalar\u0131na dair de\u011ferlendirmeler ile 2026 y\u0131l\u0131 desteklerine ait Cumhurba\u015fkanl\u0131\u011f\u0131 karar\u0131ndaki de\u011fi\u015fiklikler ve \u00c7ift\u00e7i Kay\u0131t Sistemi (\u00c7KS) kayd\u0131n\u0131n Ziraat Odalar\u0131na devredildi\u011fi illerde \u00c7KS dosya kabul\u00fcnde Tar\u0131msal \u00dcretim Planlamas\u0131 a\u00e7\u0131s\u0131ndan dikkat edilecek hususlarda bilgilendirmeler yap\u0131ld\u0131&#8221; ifadelerine yer verildi.<br \/><\/p>\n","protected":false},"excerpt":{"rendered":"<p>Afyonkarahisar\u2019da \u20182025 \u00dcretim Y\u0131l\u0131 Bitkisel \u00dcretim Planlamas\u0131 saha \u00e7al\u0131\u015fmalar\u0131 hakk\u0131nda isti\u015fare ve 2026 \u00dcretim Y\u0131l\u0131 Bitkisel \u00dcretim Destekleri\u2019 hakk\u0131nda bilgilendirme toplant\u0131s\u0131 ger\u00e7ekle\u015ftirildi. Ger\u00e7ekle\u015ftirilen toplant\u0131yla ilgili Afyonkarahisar Tar\u0131m ve Orman \u0130l M\u00fcd\u00fcrl\u00fc\u011f\u00fcnden yap\u0131lan yaz\u0131l\u0131 a\u00e7\u0131klamada, &#8220;2025 \u00dcretim Y\u0131l\u0131 Bitkisel \u00dcretim Planlamas\u0131 saha \u00e7al\u0131\u015fmalar\u0131 hakk\u0131nda isti\u015fare ve 2026 \u00dcretim Y\u0131l\u0131 Bitkisel \u00dcretim Destekleri hakk\u0131nda bilgilendirme toplant\u0131lar\u0131m\u0131z devam&#8230;<\/p>\n","protected":false},"author":1,"featured_media":56902,"comment_status":"open","ping_status":"open","sticky":false,"template":"","format":"standard","meta":{"_crdt_document":"","footnotes":""},"categories":[1],"tags":[],"class_list":["post-56901","post","type-post","status-publish","format-standard","has-post-thumbnail","hentry","category-guncel"],"_links":{"self":[{"href":"https:\/\/www.egemtv.com\/index.php?rest_route=\/wp\/v2\/posts\/56901","targetHints":{"allow":["GET"]}}],"collection":[{"href":"https:\/\/www.egemtv.com\/index.php?rest_route=\/wp\/v2\/posts"}],"about":[{"href":"https:\/\/www.egemtv.com\/index.php?rest_route=\/wp\/v2\/types\/post"}],"author":[{"embeddable":true,"href":"https:\/\/www.egemtv.com\/index.php?rest_route=\/wp\/v2\/users\/1"}],"replies":[{"embeddable":true,"href":"https:\/\/www.egemtv.com\/index.php?rest_route=%2Fwp%2Fv2%2Fcomments&post=56901"}],"version-history":[{"count":1,"href":"https:\/\/www.egemtv.com\/index.php?rest_route=\/wp\/v2\/posts\/56901\/revisions"}],"predecessor-version":[{"id":56903,"href":"https:\/\/www.egemtv.com\/index.php?rest_route=\/wp\/v2\/posts\/56901\/revisions\/56903"}],"wp:featuredmedia":[{"embeddable":true,"href":"https:\/\/www.egemtv.com\/index.php?rest_route=\/wp\/v2\/media\/56902"}],"wp:attachment":[{"href":"https:\/\/www.egemtv.com\/index.php?rest_route=%2Fwp%2Fv2%2Fmedia&parent=56901"}],"wp:term":[{"taxonomy":"category","embeddable":true,"href":"https:\/\/www.egemtv.com\/index.php?rest_route=%2Fwp%2Fv2%2Fcategories&post=56901"},{"taxonomy":"post_tag","embeddable":true,"href":"https:\/\/www.egemtv.com\/index.php?rest_route=%2Fwp%2Fv2%2Ftags&post=56901"}],"curies":[{"name":"wp","href":"https:\/\/api.w.org\/{rel}","templated":true}]}}