{"id":56898,"date":"2025-09-24T09:34:44","date_gmt":"2025-09-24T06:34:44","guid":{"rendered":"https:\/\/www.egemtv.com\/?p=56898"},"modified":"2025-09-24T09:34:45","modified_gmt":"2025-09-24T06:34:45","slug":"soke-ziraat-odasi-baskani-tanyeri-40-liranin-alti-pamuk-ureticisinin-sonu-olur","status":"publish","type":"post","link":"https:\/\/www.egemtv.com\/?p=56898","title":{"rendered":"S\u00f6ke Ziraat Odas\u0131 Ba\u015fkan\u0131 Tanyeri: &#8220;40 liran\u0131n alt\u0131 pamuk \u00fcreticisinin sonu olur&#8221;"},"content":{"rendered":"<p>S\u00f6ke\u2019de pamuk hasad\u0131 ba\u015flarken \u00fcretici hem fiyatlardan hem de rekolteden umdu\u011funu bulamad\u0131. S\u00f6ke Ziraat Odas\u0131 Ba\u015fkan\u0131 Mustafa Tanyeri, pamuk \u00fcreticisinin ayakta kalabilmesi i\u00e7in k\u00fctl\u00fc pamuk fiyat\u0131n\u0131n en az 40 TL olmas\u0131 gerekti\u011fini vurgulad\u0131.<\/p>\n<p>Pamuk piyasas\u0131n\u0131 yak\u0131ndan takip ettiklerini belirten Tanyeri, &#8220;S\u00f6ke Tari\u015f Pamuk ve Ya\u011fl\u0131 Tohumlar Tar\u0131m Sat\u0131\u015f Kooperatifi al\u0131m fiyat\u0131n\u0131 76 TL olarak a\u00e7\u0131klad\u0131. Ancak bu fiyat  y\u00fczde 40 rand\u0131man \u00fczerinden hesapland\u0131\u011f\u0131nda k\u00fctl\u00fc pamu\u011fa 30-31 TL\u2019ye denk geliyor. Bu rakam kesinlikle \u00fcreticiyi kurtarmaz. Bizim beklentimiz en az 40 TL\u2019dir. Bunun alt\u0131 pamuk \u00fcreticisinin sonu olur&#8221; dedi.<\/p>\n<p>\u0130zmir Ticaret Borsas\u0131\u2019ndaki durgunlu\u011fa da dikkat \u00e7eken Tanyeri, &#8220;Sat\u0131c\u0131 72 TL isterken al\u0131c\u0131 70-71 TL veriyor. Borsada neredeyse i\u015flem yap\u0131lm\u0131yor. Buradaki fiyatlar da 27-28 TL band\u0131na kadar gerilemi\u015f durumda&#8221; diye konu\u015ftu.<br \/>\n<br \/>Fiyatlar\u0131n yan\u0131 s\u0131ra rekoltede de ciddi kay\u0131plar oldu\u011funa i\u015faret eden Tanyeri, &#8220;Dekar ba\u015f\u0131na 300-350 kilogram aras\u0131nda verim al\u0131nabiliyor. Bu \u00fcretici i\u00e7in b\u00fcy\u00fck bir s\u0131k\u0131nt\u0131. B\u00f6yle devam ederse \u00f6n\u00fcm\u00fczdeki y\u0131l pamuk \u00fcretim sahalar\u0131 100 bin dekarlara kadar geriler, \u00fcreticinin ayakta kalmas\u0131 imk\u00e2ns\u0131z hale gelir. Devlet destekleri acilen g\u00f6zden ge\u00e7irilmelidir&#8221; ifadelerini kulland\u0131.<br \/><\/p>\n","protected":false},"excerpt":{"rendered":"<p>S\u00f6ke\u2019de pamuk hasad\u0131 ba\u015flarken \u00fcretici hem fiyatlardan hem de rekolteden umdu\u011funu bulamad\u0131. S\u00f6ke Ziraat Odas\u0131 Ba\u015fkan\u0131 Mustafa Tanyeri, pamuk \u00fcreticisinin ayakta kalabilmesi i\u00e7in k\u00fctl\u00fc pamuk fiyat\u0131n\u0131n en az 40 TL olmas\u0131 gerekti\u011fini vurgulad\u0131. Pamuk piyasas\u0131n\u0131 yak\u0131ndan takip ettiklerini belirten Tanyeri, &#8220;S\u00f6ke Tari\u015f Pamuk ve Ya\u011fl\u0131 Tohumlar Tar\u0131m Sat\u0131\u015f Kooperatifi al\u0131m fiyat\u0131n\u0131 76 TL olarak a\u00e7\u0131klad\u0131&#8230;.<\/p>\n","protected":false},"author":1,"featured_media":56899,"comment_status":"open","ping_status":"open","sticky":false,"template":"","format":"standard","meta":{"_crdt_document":"","footnotes":""},"categories":[125],"tags":[],"class_list":["post-56898","post","type-post","status-publish","format-standard","has-post-thumbnail","hentry","category-ekonomi"],"_links":{"self":[{"href":"https:\/\/www.egemtv.com\/index.php?rest_route=\/wp\/v2\/posts\/56898","targetHints":{"allow":["GET"]}}],"collection":[{"href":"https:\/\/www.egemtv.com\/index.php?rest_route=\/wp\/v2\/posts"}],"about":[{"href":"https:\/\/www.egemtv.com\/index.php?rest_route=\/wp\/v2\/types\/post"}],"author":[{"embeddable":true,"href":"https:\/\/www.egemtv.com\/index.php?rest_route=\/wp\/v2\/users\/1"}],"replies":[{"embeddable":true,"href":"https:\/\/www.egemtv.com\/index.php?rest_route=%2Fwp%2Fv2%2Fcomments&post=56898"}],"version-history":[{"count":1,"href":"https:\/\/www.egemtv.com\/index.php?rest_route=\/wp\/v2\/posts\/56898\/revisions"}],"predecessor-version":[{"id":56900,"href":"https:\/\/www.egemtv.com\/index.php?rest_route=\/wp\/v2\/posts\/56898\/revisions\/56900"}],"wp:featuredmedia":[{"embeddable":true,"href":"https:\/\/www.egemtv.com\/index.php?rest_route=\/wp\/v2\/media\/56899"}],"wp:attachment":[{"href":"https:\/\/www.egemtv.com\/index.php?rest_route=%2Fwp%2Fv2%2Fmedia&parent=56898"}],"wp:term":[{"taxonomy":"category","embeddable":true,"href":"https:\/\/www.egemtv.com\/index.php?rest_route=%2Fwp%2Fv2%2Fcategories&post=56898"},{"taxonomy":"post_tag","embeddable":true,"href":"https:\/\/www.egemtv.com\/index.php?rest_route=%2Fwp%2Fv2%2Ftags&post=56898"}],"curies":[{"name":"wp","href":"https:\/\/api.w.org\/{rel}","templated":true}]}}