{"id":56892,"date":"2025-09-24T09:15:03","date_gmt":"2025-09-24T06:15:03","guid":{"rendered":"https:\/\/www.egemtv.com\/?p=56892"},"modified":"2025-09-24T09:15:04","modified_gmt":"2025-09-24T06:15:04","slug":"yapilan-duzenekle-6-metrekarelik-dunyasi-genisleyecek","status":"publish","type":"post","link":"https:\/\/www.egemtv.com\/?p=56892","title":{"rendered":"Yap\u0131lan d\u00fczenekle 6 metrekarelik d\u00fcnyas\u0131 geni\u015fleyecek"},"content":{"rendered":"<p>Afyonkarahisar\u2019da ge\u00e7irdi\u011fi trafik kazas\u0131 sonras\u0131 neredeyse \u00f6mr\u00fcn\u00fcn yar\u0131s\u0131n\u0131 yata\u011fa ba\u011fl\u0131 olarak cihazlarla s\u00fcrd\u00fcren 39 ya\u015f\u0131ndaki gen\u00e7 adam i\u00e7in harekete ge\u00e7en kaymakaml\u0131k evine engelli rampas\u0131 yapt\u0131rarak onun y\u0131llard\u0131r 6 metrekarelik odada s\u00fcren ya\u015fant\u0131s\u0131n\u0131 soka\u011fa ta\u015f\u0131mas\u0131na destek oldu.<br \/>\n<br \/>K\u0131z\u0131l\u00f6ren il\u00e7esinde ya\u015fayan Zafer I\u015f\u0131k (39), 2009 y\u0131l\u0131nda g\u00fcvenlik g\u00f6revlisi olarak \u00e7al\u0131\u015ft\u0131\u011f\u0131 Antalya\u2019ya giderken ge\u00e7irdi\u011fi kazada, boynundan a\u015fa\u011f\u0131s\u0131 fel\u00e7 kalarak yata\u011fa ba\u011f\u0131ml\u0131 hale geldi. 16 y\u0131ld\u0131r yani yakla\u015f\u0131k \u00f6mr\u00fcn\u00fcn yar\u0131s\u0131n\u0131 yata\u011fa ba\u011fla olarak s\u00fcrd\u00fcren I\u015f\u0131k\u2019a 2009\u2019dan bu yana annesi Hatice Alt\u0131n\u0131\u015f\u0131k bak\u0131yor.<br \/>\n<br \/>Sadece bir oda da ya\u015fayabildi\u011fini kaydeden I\u015f\u0131k, soka\u011fa \u00e7\u0131kmak i\u00e7in evlerine bir sistem d\u00fc\u015f\u00fcnd\u00fcklerini ancak maddi imkans\u0131zl\u0131klardan dolay\u0131 bunu yapamad\u0131klar\u0131n\u0131 belirtti.<br \/>\n<br \/>Bunun \u00fczerine Alt\u0131n\u0131\u015f\u0131k i\u00e7in Vali Do\u00e7. Dr. K\u00fcbra G\u00fcran Yi\u011fitba\u015f\u0131\u2019n\u0131n talimatlar\u0131yla engelli rampas\u0131 yap\u0131ld\u0131.<\/p>\n<p>&#8220;Engelli vatanda\u015flar\u0131n hayat\u0131n\u0131 daha ya\u015fanabilir hale getirmenin gayreti i\u00e7erisindeyiz&#8221;<br \/>\n<br \/>Ge\u00e7ti\u011fimiz aylarda Vali Yi\u011fitba\u015f\u0131, il\u00e7e ziyareti \u00e7er\u00e7evesinde Zafer Alt\u0131n\u0131\u015f\u0131k\u2019\u0131 evinde ziyaret etmi\u015f ve deste\u011fini iletmi\u015fti. Alt\u0131n\u0131\u015f\u0131k\u2019\u0131n ziyaret s\u0131ras\u0131nda evinin giri\u015fine talep etti\u011fi engelli rampas\u0131 Vali Yi\u011fitba\u015f\u0131\u2019n\u0131n talimat\u0131yla K\u0131z\u0131l\u00f6ren Kaymakam\u0131 M\u00fccahit \u00c7etin\u2019in takibiyle yerine getirildi. Zafer Alt\u0131n\u0131\u015f\u0131k art\u0131k rampa sayesinde evinden bah\u00e7eye kolayl\u0131klar inebilecek.<br \/>\n<br \/>T\u00fcm engelli bireylerin her zaman yan\u0131nda oldu\u011funu ifade eden Vali Yi\u011fitba\u015f\u0131, engelli vatanda\u015flara hayat\u0131 daha ya\u015fanabilir hale getirmenin gayreti i\u00e7erisinde olduklar\u0131n\u0131 s\u00f6yledi.<br \/><\/p>\n","protected":false},"excerpt":{"rendered":"<p>Afyonkarahisar\u2019da ge\u00e7irdi\u011fi trafik kazas\u0131 sonras\u0131 neredeyse \u00f6mr\u00fcn\u00fcn yar\u0131s\u0131n\u0131 yata\u011fa ba\u011fl\u0131 olarak cihazlarla s\u00fcrd\u00fcren 39 ya\u015f\u0131ndaki gen\u00e7 adam i\u00e7in harekete ge\u00e7en kaymakaml\u0131k evine engelli rampas\u0131 yapt\u0131rarak onun y\u0131llard\u0131r 6 metrekarelik odada s\u00fcren ya\u015fant\u0131s\u0131n\u0131 soka\u011fa ta\u015f\u0131mas\u0131na destek oldu. K\u0131z\u0131l\u00f6ren il\u00e7esinde ya\u015fayan Zafer I\u015f\u0131k (39), 2009 y\u0131l\u0131nda g\u00fcvenlik g\u00f6revlisi olarak \u00e7al\u0131\u015ft\u0131\u011f\u0131 Antalya\u2019ya giderken ge\u00e7irdi\u011fi kazada, boynundan a\u015fa\u011f\u0131s\u0131 fel\u00e7&#8230;<\/p>\n","protected":false},"author":1,"featured_media":56893,"comment_status":"open","ping_status":"open","sticky":false,"template":"","format":"standard","meta":{"_crdt_document":"","footnotes":""},"categories":[123],"tags":[],"class_list":["post-56892","post","type-post","status-publish","format-standard","has-post-thumbnail","hentry","category-gundem"],"_links":{"self":[{"href":"https:\/\/www.egemtv.com\/index.php?rest_route=\/wp\/v2\/posts\/56892","targetHints":{"allow":["GET"]}}],"collection":[{"href":"https:\/\/www.egemtv.com\/index.php?rest_route=\/wp\/v2\/posts"}],"about":[{"href":"https:\/\/www.egemtv.com\/index.php?rest_route=\/wp\/v2\/types\/post"}],"author":[{"embeddable":true,"href":"https:\/\/www.egemtv.com\/index.php?rest_route=\/wp\/v2\/users\/1"}],"replies":[{"embeddable":true,"href":"https:\/\/www.egemtv.com\/index.php?rest_route=%2Fwp%2Fv2%2Fcomments&post=56892"}],"version-history":[{"count":1,"href":"https:\/\/www.egemtv.com\/index.php?rest_route=\/wp\/v2\/posts\/56892\/revisions"}],"predecessor-version":[{"id":56894,"href":"https:\/\/www.egemtv.com\/index.php?rest_route=\/wp\/v2\/posts\/56892\/revisions\/56894"}],"wp:featuredmedia":[{"embeddable":true,"href":"https:\/\/www.egemtv.com\/index.php?rest_route=\/wp\/v2\/media\/56893"}],"wp:attachment":[{"href":"https:\/\/www.egemtv.com\/index.php?rest_route=%2Fwp%2Fv2%2Fmedia&parent=56892"}],"wp:term":[{"taxonomy":"category","embeddable":true,"href":"https:\/\/www.egemtv.com\/index.php?rest_route=%2Fwp%2Fv2%2Fcategories&post=56892"},{"taxonomy":"post_tag","embeddable":true,"href":"https:\/\/www.egemtv.com\/index.php?rest_route=%2Fwp%2Fv2%2Ftags&post=56892"}],"curies":[{"name":"wp","href":"https:\/\/api.w.org\/{rel}","templated":true}]}}