{"id":56889,"date":"2025-09-24T09:15:02","date_gmt":"2025-09-24T06:15:02","guid":{"rendered":"https:\/\/www.egemtv.com\/?p=56889"},"modified":"2025-09-24T09:15:03","modified_gmt":"2025-09-24T06:15:03","slug":"belediye-iscilerinin-kavgasi-kanli-bitti-1-olu","status":"publish","type":"post","link":"https:\/\/www.egemtv.com\/?p=56889","title":{"rendered":"Belediye i\u015f\u00e7ilerinin kavgas\u0131 kanl\u0131 bitti: 1 \u00f6l\u00fc"},"content":{"rendered":"<p>Afyonkarahisar Sand\u0131kl\u0131 Belediyesi\u2019nde g\u00f6rev yapan 2 personelin asfalt serimi esnas\u0131nda ya\u015fad\u0131klar\u0131 kavga kanl\u0131 biterken, olayda mesai arkada\u015f\u0131 taraf\u0131ndan b\u0131\u00e7aklanan i\u015f\u00e7i hayat\u0131n\u0131 kaybetti.<br \/>\n<br \/>Olay, Sand\u0131kl\u0131 il\u00e7esi K\u0131rkp\u0131nar mevkii civar\u0131nda meydana geldi. Edinilen bilgilere g\u00f6re, Sand\u0131kl\u0131 Belediyesi taraf\u0131ndan b\u00f6lgede asfalt serimi yap\u0131ld\u0131\u011f\u0131 esnada \u00e7al\u0131\u015fanlardan S.K. ile U\u011fur \u015e. aras\u0131nda bilinmeyen bir nedenle tart\u0131\u015fma \u00e7\u0131kt\u0131. Tart\u0131\u015fman\u0131n kavgaya d\u00f6n\u00fc\u015fmesi \u00fczerine S.K., U\u011fur \u015e.\u2019yi b\u0131\u00e7aklad\u0131. Ald\u0131\u011f\u0131 b\u0131\u00e7ak darbeleri ile kanlar i\u00e7inde kalan U\u011fur \u015e., di\u011fer mesai arkada\u015flar\u0131n\u0131n haber vermesi \u00fczerine olay yerine gelen ambulansla hastaneye kald\u0131r\u0131ld\u0131. U\u011fur \u015e., yap\u0131lan m\u00fcdahaleye ra\u011fmen ya\u015fam\u0131n\u0131 yitirdi.<br \/>\n<br \/>Olay\u0131n ard\u0131ndan S.K. g\u00f6zalt\u0131na al\u0131n\u0131rken, savc\u0131l\u0131k taraf\u0131ndan olayla ilgili geni\u015f \u00e7apl\u0131 soru\u015fturma ba\u015flat\u0131ld\u0131.<br \/>\n<br \/>\u00d6te yandan, Sand\u0131kl\u0131 Belediyesi\u2019nden ise herhangi bir a\u00e7\u0131klama yap\u0131lmad\u0131.<br \/><\/p>\n","protected":false},"excerpt":{"rendered":"<p>Afyonkarahisar Sand\u0131kl\u0131 Belediyesi\u2019nde g\u00f6rev yapan 2 personelin asfalt serimi esnas\u0131nda ya\u015fad\u0131klar\u0131 kavga kanl\u0131 biterken, olayda mesai arkada\u015f\u0131 taraf\u0131ndan b\u0131\u00e7aklanan i\u015f\u00e7i hayat\u0131n\u0131 kaybetti. Olay, Sand\u0131kl\u0131 il\u00e7esi K\u0131rkp\u0131nar mevkii civar\u0131nda meydana geldi. Edinilen bilgilere g\u00f6re, Sand\u0131kl\u0131 Belediyesi taraf\u0131ndan b\u00f6lgede asfalt serimi yap\u0131ld\u0131\u011f\u0131 esnada \u00e7al\u0131\u015fanlardan S.K. ile U\u011fur \u015e. aras\u0131nda bilinmeyen bir nedenle tart\u0131\u015fma \u00e7\u0131kt\u0131. Tart\u0131\u015fman\u0131n kavgaya d\u00f6n\u00fc\u015fmesi&#8230;<\/p>\n","protected":false},"author":1,"featured_media":56890,"comment_status":"open","ping_status":"open","sticky":false,"template":"","format":"standard","meta":{"_crdt_document":"","footnotes":""},"categories":[5],"tags":[],"class_list":["post-56889","post","type-post","status-publish","format-standard","has-post-thumbnail","hentry","category-asayis"],"_links":{"self":[{"href":"https:\/\/www.egemtv.com\/index.php?rest_route=\/wp\/v2\/posts\/56889","targetHints":{"allow":["GET"]}}],"collection":[{"href":"https:\/\/www.egemtv.com\/index.php?rest_route=\/wp\/v2\/posts"}],"about":[{"href":"https:\/\/www.egemtv.com\/index.php?rest_route=\/wp\/v2\/types\/post"}],"author":[{"embeddable":true,"href":"https:\/\/www.egemtv.com\/index.php?rest_route=\/wp\/v2\/users\/1"}],"replies":[{"embeddable":true,"href":"https:\/\/www.egemtv.com\/index.php?rest_route=%2Fwp%2Fv2%2Fcomments&post=56889"}],"version-history":[{"count":1,"href":"https:\/\/www.egemtv.com\/index.php?rest_route=\/wp\/v2\/posts\/56889\/revisions"}],"predecessor-version":[{"id":56891,"href":"https:\/\/www.egemtv.com\/index.php?rest_route=\/wp\/v2\/posts\/56889\/revisions\/56891"}],"wp:featuredmedia":[{"embeddable":true,"href":"https:\/\/www.egemtv.com\/index.php?rest_route=\/wp\/v2\/media\/56890"}],"wp:attachment":[{"href":"https:\/\/www.egemtv.com\/index.php?rest_route=%2Fwp%2Fv2%2Fmedia&parent=56889"}],"wp:term":[{"taxonomy":"category","embeddable":true,"href":"https:\/\/www.egemtv.com\/index.php?rest_route=%2Fwp%2Fv2%2Fcategories&post=56889"},{"taxonomy":"post_tag","embeddable":true,"href":"https:\/\/www.egemtv.com\/index.php?rest_route=%2Fwp%2Fv2%2Ftags&post=56889"}],"curies":[{"name":"wp","href":"https:\/\/api.w.org\/{rel}","templated":true}]}}