{"id":56886,"date":"2025-09-24T09:15:01","date_gmt":"2025-09-24T06:15:01","guid":{"rendered":"https:\/\/www.egemtv.com\/?p=56886"},"modified":"2025-09-24T09:15:02","modified_gmt":"2025-09-24T06:15:02","slug":"kemalpasa-protokolu-yesil-sahada-bulustu","status":"publish","type":"post","link":"https:\/\/www.egemtv.com\/?p=56886","title":{"rendered":"Kemalpa\u015fa protokol\u00fc ye\u015fil sahada bulu\u015ftu"},"content":{"rendered":"<p>\u0130zmir\u2019in Kemalpa\u015fa il\u00e7esinde protokol \u00fcyesi olan kurum y\u00f6neticileri, siyasi partilerin il\u00e7e ba\u015fkanlar\u0131, bas\u0131n mensuplar\u0131 ve sivil toplum kurulu\u015flar\u0131n\u0131n temsilcileri d\u00fczenlenen futbol ma\u00e7\u0131nda bir araya geldi.<br \/>\n<br \/>Kemalpa\u015fa Stad\u0131\u2019nda d\u00fczenlenen etkinli\u011fe Kemalpa\u015fa Kaymakam\u0131 Musa Sar\u0131, Belediye Ba\u015fkan\u0131 Mehmet T\u00fcrkmen, Cumhuriyet Ba\u015fsavc\u0131s\u0131 Bahad\u0131r Bilen, \u0130l\u00e7e Emniyet M\u00fcd\u00fcr\u00fc Salih \u015een, \u0130l\u00e7e Jandarma Komutan\u0131 Binba\u015f\u0131 Mehmet \u00d6nder Orto\u011flu ba\u015fta olmak \u00fczere il\u00e7edeki kurum amirleri, siyasi partilerin il\u00e7e ba\u015fkanlar\u0131, sivil toplum kurulu\u015flar\u0131n\u0131n temsilcileri ve bas\u0131n mensuplar\u0131 kat\u0131ld\u0131. Kemalpa\u015fa Kaymakaml\u0131\u011f\u0131 taraf\u0131ndan organize edilen etkinlik ile il\u00e7edeki kurum y\u00f6neticilerinin, siyasi partilerin ve sivil toplum kurulu\u015flar\u0131n\u0131n temsilcileri ile bir araya gelmesi, kurum y\u00f6neticileri aras\u0131nda ileti\u015fim ve koordinasyonun sa\u011flanmas\u0131n\u0131n ama\u00e7land\u0131\u011f\u0131 \u00f6\u011frenildi.<br \/>\n<br \/>Ma\u00e7a kat\u0131lan protokol \u00fcyelerinden olu\u015fturulan karma tak\u0131mlar sahada kar\u015f\u0131 kar\u015f\u0131ya geldi. Centilmence ge\u00e7en m\u00fccadelede renkli g\u00f6r\u00fcnt\u00fcler ortaya \u00e7\u0131karken, izleyenler de e\u011flenceli anlara tan\u0131kl\u0131k etti. Ma\u00e7 sonunda kazanan dostluk ve dayan\u0131\u015fma olurken, etkinlik \u00e7ekilen hat\u0131ra foto\u011fraflar\u0131 ve sohbetlerle sona erdi.<br \/><\/p>\n","protected":false},"excerpt":{"rendered":"<p>\u0130zmir\u2019in Kemalpa\u015fa il\u00e7esinde protokol \u00fcyesi olan kurum y\u00f6neticileri, siyasi partilerin il\u00e7e ba\u015fkanlar\u0131, bas\u0131n mensuplar\u0131 ve sivil toplum kurulu\u015flar\u0131n\u0131n temsilcileri d\u00fczenlenen futbol ma\u00e7\u0131nda bir araya geldi. Kemalpa\u015fa Stad\u0131\u2019nda d\u00fczenlenen etkinli\u011fe Kemalpa\u015fa Kaymakam\u0131 Musa Sar\u0131, Belediye Ba\u015fkan\u0131 Mehmet T\u00fcrkmen, Cumhuriyet Ba\u015fsavc\u0131s\u0131 Bahad\u0131r Bilen, \u0130l\u00e7e Emniyet M\u00fcd\u00fcr\u00fc Salih \u015een, \u0130l\u00e7e Jandarma Komutan\u0131 Binba\u015f\u0131 Mehmet \u00d6nder Orto\u011flu ba\u015fta olmak&#8230;<\/p>\n","protected":false},"author":1,"featured_media":56887,"comment_status":"open","ping_status":"open","sticky":false,"template":"","format":"standard","meta":{"_crdt_document":"","footnotes":""},"categories":[1],"tags":[],"class_list":["post-56886","post","type-post","status-publish","format-standard","has-post-thumbnail","hentry","category-guncel"],"_links":{"self":[{"href":"https:\/\/www.egemtv.com\/index.php?rest_route=\/wp\/v2\/posts\/56886","targetHints":{"allow":["GET"]}}],"collection":[{"href":"https:\/\/www.egemtv.com\/index.php?rest_route=\/wp\/v2\/posts"}],"about":[{"href":"https:\/\/www.egemtv.com\/index.php?rest_route=\/wp\/v2\/types\/post"}],"author":[{"embeddable":true,"href":"https:\/\/www.egemtv.com\/index.php?rest_route=\/wp\/v2\/users\/1"}],"replies":[{"embeddable":true,"href":"https:\/\/www.egemtv.com\/index.php?rest_route=%2Fwp%2Fv2%2Fcomments&post=56886"}],"version-history":[{"count":1,"href":"https:\/\/www.egemtv.com\/index.php?rest_route=\/wp\/v2\/posts\/56886\/revisions"}],"predecessor-version":[{"id":56888,"href":"https:\/\/www.egemtv.com\/index.php?rest_route=\/wp\/v2\/posts\/56886\/revisions\/56888"}],"wp:featuredmedia":[{"embeddable":true,"href":"https:\/\/www.egemtv.com\/index.php?rest_route=\/wp\/v2\/media\/56887"}],"wp:attachment":[{"href":"https:\/\/www.egemtv.com\/index.php?rest_route=%2Fwp%2Fv2%2Fmedia&parent=56886"}],"wp:term":[{"taxonomy":"category","embeddable":true,"href":"https:\/\/www.egemtv.com\/index.php?rest_route=%2Fwp%2Fv2%2Fcategories&post=56886"},{"taxonomy":"post_tag","embeddable":true,"href":"https:\/\/www.egemtv.com\/index.php?rest_route=%2Fwp%2Fv2%2Ftags&post=56886"}],"curies":[{"name":"wp","href":"https:\/\/api.w.org\/{rel}","templated":true}]}}