{"id":56883,"date":"2025-09-24T09:15:00","date_gmt":"2025-09-24T06:15:00","guid":{"rendered":"https:\/\/www.egemtv.com\/?p=56883"},"modified":"2025-09-24T09:15:01","modified_gmt":"2025-09-24T06:15:01","slug":"aydin-tabip-odasinin-eski-baskani-adli-kontrolle-serbest-birakildi","status":"publish","type":"post","link":"https:\/\/www.egemtv.com\/?p=56883","title":{"rendered":"Ayd\u0131n Tabip Odas\u0131\u2019n\u0131n eski ba\u015fkan\u0131 adli kontrolle serbest b\u0131rak\u0131ld\u0131"},"content":{"rendered":"<p>Ayd\u0131n Tabip Odas\u0131\u2019n\u0131n eski Ba\u015fkan\u0131 AD\u00dc T\u0131p Fak\u00fcltesi Hastanesi\u2019nde g\u00f6revine devam eden ve hastalardan b\u0131\u00e7ak paras\u0131 istedi\u011fi iddia edilen Prof. Dr. O.N.A. adli kontrolle, sekreteri A.K. ise savc\u0131l\u0131k ifadesinin ard\u0131ndan serbest b\u0131rak\u0131ld\u0131.<br \/>\n<br \/>Edinilen bilgiye g\u00f6re, Ayd\u0131n Cumhuriyet Ba\u015fsavc\u0131l\u0131\u011f\u0131\u2019n\u0131n talimat\u0131yla, Ayd\u0131n Adnan Menderes \u00dcniversitesi T\u0131p Fak\u00fcltesi Hastanesi\u2019nde g\u00f6revli Ayd\u0131n Tabip Odas\u0131 eski Ba\u015fkan\u0131 Prof. Dr. O.N.A. ve sekreteri hastalardan b\u0131\u00e7ak paras\u0131 istenildi\u011fi iddias\u0131 \u00fczerine yap\u0131lan \u015fikayet \u00fczerine g\u00f6zalt\u0131na al\u0131nd\u0131. Emniyetteki i\u015flemleri tamamlanan doktor ve sekreteri Ayd\u0131n Adliyesi\u2019ne sevk edildi. Prof. Dr. O.N.A. adli kontrolle, sekreteri A.K. ise savc\u0131l\u0131k ifadesinin ard\u0131ndan serbest b\u0131rak\u0131ld\u0131.<br \/><\/p>\n","protected":false},"excerpt":{"rendered":"<p>Ayd\u0131n Tabip Odas\u0131\u2019n\u0131n eski Ba\u015fkan\u0131 AD\u00dc T\u0131p Fak\u00fcltesi Hastanesi\u2019nde g\u00f6revine devam eden ve hastalardan b\u0131\u00e7ak paras\u0131 istedi\u011fi iddia edilen Prof. Dr. O.N.A. adli kontrolle, sekreteri A.K. ise savc\u0131l\u0131k ifadesinin ard\u0131ndan serbest b\u0131rak\u0131ld\u0131. Edinilen bilgiye g\u00f6re, Ayd\u0131n Cumhuriyet Ba\u015fsavc\u0131l\u0131\u011f\u0131\u2019n\u0131n talimat\u0131yla, Ayd\u0131n Adnan Menderes \u00dcniversitesi T\u0131p Fak\u00fcltesi Hastanesi\u2019nde g\u00f6revli Ayd\u0131n Tabip Odas\u0131 eski Ba\u015fkan\u0131 Prof. Dr. O.N.A&#8230;.<\/p>\n","protected":false},"author":1,"featured_media":56884,"comment_status":"open","ping_status":"open","sticky":false,"template":"","format":"standard","meta":{"_crdt_document":"","footnotes":""},"categories":[5],"tags":[],"class_list":["post-56883","post","type-post","status-publish","format-standard","has-post-thumbnail","hentry","category-asayis"],"_links":{"self":[{"href":"https:\/\/www.egemtv.com\/index.php?rest_route=\/wp\/v2\/posts\/56883","targetHints":{"allow":["GET"]}}],"collection":[{"href":"https:\/\/www.egemtv.com\/index.php?rest_route=\/wp\/v2\/posts"}],"about":[{"href":"https:\/\/www.egemtv.com\/index.php?rest_route=\/wp\/v2\/types\/post"}],"author":[{"embeddable":true,"href":"https:\/\/www.egemtv.com\/index.php?rest_route=\/wp\/v2\/users\/1"}],"replies":[{"embeddable":true,"href":"https:\/\/www.egemtv.com\/index.php?rest_route=%2Fwp%2Fv2%2Fcomments&post=56883"}],"version-history":[{"count":1,"href":"https:\/\/www.egemtv.com\/index.php?rest_route=\/wp\/v2\/posts\/56883\/revisions"}],"predecessor-version":[{"id":56885,"href":"https:\/\/www.egemtv.com\/index.php?rest_route=\/wp\/v2\/posts\/56883\/revisions\/56885"}],"wp:featuredmedia":[{"embeddable":true,"href":"https:\/\/www.egemtv.com\/index.php?rest_route=\/wp\/v2\/media\/56884"}],"wp:attachment":[{"href":"https:\/\/www.egemtv.com\/index.php?rest_route=%2Fwp%2Fv2%2Fmedia&parent=56883"}],"wp:term":[{"taxonomy":"category","embeddable":true,"href":"https:\/\/www.egemtv.com\/index.php?rest_route=%2Fwp%2Fv2%2Fcategories&post=56883"},{"taxonomy":"post_tag","embeddable":true,"href":"https:\/\/www.egemtv.com\/index.php?rest_route=%2Fwp%2Fv2%2Ftags&post=56883"}],"curies":[{"name":"wp","href":"https:\/\/api.w.org\/{rel}","templated":true}]}}