{"id":56880,"date":"2025-09-24T08:34:36","date_gmt":"2025-09-24T05:34:36","guid":{"rendered":"https:\/\/www.egemtv.com\/?p=56880"},"modified":"2025-09-24T08:34:37","modified_gmt":"2025-09-24T05:34:37","slug":"izmir-bb-yolsuzluk-davasinda-5-tahliye","status":"publish","type":"post","link":"https:\/\/www.egemtv.com\/?p=56880","title":{"rendered":"\u0130zmir BB. yolsuzluk davas\u0131nda 5 tahliye"},"content":{"rendered":"<p>\u0130zmir B\u00fcy\u00fck\u015fehir Belediyesi i\u015ftiraki \u0130ZBETON A\u015e.\u2019de ta\u015feron \u015firketler arac\u0131l\u0131\u011f\u0131yla yolsuzluk yap\u0131ld\u0131\u011f\u0131 iddialar\u0131 \u00fczerine ba\u015flayan davan\u0131n \u00fc\u00e7\u00fcnc\u00fc duru\u015fmas\u0131nda 5 san\u0131k tahliye edildi. Aralar\u0131nda Tun\u00e7 Soyer ve \u015eenol Aslano\u011flu\u2019nun bulundu\u011fu 6 isim i\u00e7in tutukluluk karar\u0131 devam etti.<br \/>\n<br \/>\u0130zmir\u2019de uzun s\u00fcredir kamuoyunun yak\u0131ndan takip etti\u011fi kooperatif davas\u0131nda d\u00fcn gece yeni bir geli\u015fme ya\u015fand\u0131. Mahkame, Mehmet Alphan Bozan, Levent \u0130\u015fler, Mehmet G\u00fcrhan \u00d6zata, Sevcan T\u0131naztepe ve Orhan D\u00f6lek olmak \u00fczere 5 ki\u015fi i\u00e7in adli kontrol \u015fart\u0131yla serbest b\u0131rak\u0131lmas\u0131 karar\u0131n\u0131 verdi. Eski \u0130zmir B\u00fcy\u00fck\u015fehir Belediye Ba\u015fkan\u0131 Tun\u00e7 Soyer, CHP \u0130zmir \u0130l Ba\u015fkan\u0131 \u015eenol Aslano\u011flu, eski \u0130zmir BB Genel Sekreteri Bar\u0131\u015f Karc\u0131, eski \u0130ZBETON Genel M\u00fcd\u00fcr\u00fc Heval Sava\u015f Kaya, Cihangir L\u00fcbi\u00e7 ve H\u00fcseyin \u015eim\u015fek i\u00e7in ise tutukluluk halinin devam\u0131na karar verildi.<br \/>\n<br \/>Bir sonraki duru\u015fman\u0131n 13 Ekim 2025\u2019te \u0130zmir Adliyesi\u2019nde yap\u0131laca\u011f\u0131n\u0131 duyuruldu.<br \/><\/p>\n","protected":false},"excerpt":{"rendered":"<p>\u0130zmir B\u00fcy\u00fck\u015fehir Belediyesi i\u015ftiraki \u0130ZBETON A\u015e.\u2019de ta\u015feron \u015firketler arac\u0131l\u0131\u011f\u0131yla yolsuzluk yap\u0131ld\u0131\u011f\u0131 iddialar\u0131 \u00fczerine ba\u015flayan davan\u0131n \u00fc\u00e7\u00fcnc\u00fc duru\u015fmas\u0131nda 5 san\u0131k tahliye edildi. Aralar\u0131nda Tun\u00e7 Soyer ve \u015eenol Aslano\u011flu\u2019nun bulundu\u011fu 6 isim i\u00e7in tutukluluk karar\u0131 devam etti. \u0130zmir\u2019de uzun s\u00fcredir kamuoyunun yak\u0131ndan takip etti\u011fi kooperatif davas\u0131nda d\u00fcn gece yeni bir geli\u015fme ya\u015fand\u0131. Mahkame, Mehmet Alphan Bozan, Levent&#8230;<\/p>\n","protected":false},"author":1,"featured_media":56881,"comment_status":"open","ping_status":"open","sticky":false,"template":"","format":"standard","meta":{"_crdt_document":"","footnotes":""},"categories":[5],"tags":[],"class_list":["post-56880","post","type-post","status-publish","format-standard","has-post-thumbnail","hentry","category-asayis"],"_links":{"self":[{"href":"https:\/\/www.egemtv.com\/index.php?rest_route=\/wp\/v2\/posts\/56880","targetHints":{"allow":["GET"]}}],"collection":[{"href":"https:\/\/www.egemtv.com\/index.php?rest_route=\/wp\/v2\/posts"}],"about":[{"href":"https:\/\/www.egemtv.com\/index.php?rest_route=\/wp\/v2\/types\/post"}],"author":[{"embeddable":true,"href":"https:\/\/www.egemtv.com\/index.php?rest_route=\/wp\/v2\/users\/1"}],"replies":[{"embeddable":true,"href":"https:\/\/www.egemtv.com\/index.php?rest_route=%2Fwp%2Fv2%2Fcomments&post=56880"}],"version-history":[{"count":1,"href":"https:\/\/www.egemtv.com\/index.php?rest_route=\/wp\/v2\/posts\/56880\/revisions"}],"predecessor-version":[{"id":56882,"href":"https:\/\/www.egemtv.com\/index.php?rest_route=\/wp\/v2\/posts\/56880\/revisions\/56882"}],"wp:featuredmedia":[{"embeddable":true,"href":"https:\/\/www.egemtv.com\/index.php?rest_route=\/wp\/v2\/media\/56881"}],"wp:attachment":[{"href":"https:\/\/www.egemtv.com\/index.php?rest_route=%2Fwp%2Fv2%2Fmedia&parent=56880"}],"wp:term":[{"taxonomy":"category","embeddable":true,"href":"https:\/\/www.egemtv.com\/index.php?rest_route=%2Fwp%2Fv2%2Fcategories&post=56880"},{"taxonomy":"post_tag","embeddable":true,"href":"https:\/\/www.egemtv.com\/index.php?rest_route=%2Fwp%2Fv2%2Ftags&post=56880"}],"curies":[{"name":"wp","href":"https:\/\/api.w.org\/{rel}","templated":true}]}}