{"id":56877,"date":"2025-09-23T23:14:49","date_gmt":"2025-09-23T20:14:49","guid":{"rendered":"https:\/\/www.egemtv.com\/?p=56877"},"modified":"2025-09-23T23:14:49","modified_gmt":"2025-09-23T20:14:49","slug":"adli-kontrolle-serbest-kalmislardi-izmirde-polise-saldiranlar-tutuklandi","status":"publish","type":"post","link":"https:\/\/www.egemtv.com\/?p=56877","title":{"rendered":"Adli kontrolle serbest kalm\u0131\u015flard\u0131: \u0130zmir\u2019de polise sald\u0131ranlar tutukland\u0131"},"content":{"rendered":"<p>\u0130zmir\u2019in Sel\u00e7uk il\u00e7esinde bir d\u00fc\u011f\u00fcn salonunda silah s\u0131k\u0131ld\u0131\u011f\u0131 ihbar\u0131 \u00fczerine b\u00f6lgeye giden polis ekiplerine tekme ve yumruklu sald\u0131rd\u0131ktan sonra g\u00f6zalt\u0131na al\u0131nan ve savc\u0131l\u0131k taraf\u0131ndan adli kontrolle serbest b\u0131rak\u0131lan \u015f\u00fcpheliler, olay\u0131n bas\u0131na yans\u0131mas\u0131n\u0131n ard\u0131ndan tekrar g\u00f6zalt\u0131na al\u0131nd\u0131. Olayla ilgili 6 \u015f\u00fcphelinin tutukland\u0131\u011f\u0131, Emniyet Genel M\u00fcd\u00fcrl\u00fc\u011f\u00fc taraf\u0131ndan a\u00e7\u0131kland\u0131.<br \/>\n<br \/>Olay, 17 Eyl\u00fcl \u00c7ar\u015famba g\u00fcn\u00fc Zafer Mahallesi Kobuleti Caddesi\u2019nde bulunan bir d\u00fc\u011f\u00fcn salonu yak\u0131n\u0131nda meydana geldi. Burada ara\u00e7 i\u00e7erisinden havaya ate\u015f a\u00e7\u0131ld\u0131\u011f\u0131 ihbar\u0131 \u00fczerine b\u00f6lgeye giden polis ekipleri, \u00e7evrede ara\u015ft\u0131rma yapmaya ba\u015flad\u0131. Bu esnada ihbara konu olan siyah renkli bir otomobil durdurularak ara\u00e7ta bulunan iki ki\u015fiye inmeleri s\u00f6ylendi. Otomobil s\u00fcr\u00fcc\u00fcs\u00fc \u015e.D. (29) ve \u00f6n koltuktaki D.S. (31) ara\u00e7tan indirildi\u011fi s\u0131rada D.S., g\u00f6revli polis memurlar\u0131n\u0131 itekleyerek k\u00fcf\u00fcr etti; yan\u0131nda bulunan gruptan da eklenen sald\u0131rganlar, polislere tekme ve yumrukla sald\u0131rd\u0131. M\u00fcdahale s\u0131ras\u0131nda polis memurlar\u0131 darbedilirken, takviye ekiplerin gelmesiyle kademeli g\u00fc\u00e7 ve biber gaz\u0131 kullan\u0131larak sald\u0131rganlar etkisiz hale getirildi. O anlar ise bir vatanda\u015f taraf\u0131ndan cep telefonu kameras\u0131yla g\u00f6r\u00fcnt\u00fclendi. Olay yerinden ka\u00e7maya \u00e7al\u0131\u015fan ve polise sald\u0131ran D.S. ile birlikte \u015e.A. (20), M.\u015e.K. (26) ve \u015e.D. (29) isimli ve \u00e7ok say\u0131da su\u00e7 kay\u0131tlar\u0131 da bulunan \u015f\u00fcpheliler yakalanarak \u0130l\u00e7e Jandarma Komutanl\u0131\u011f\u0131\u2019na teslim edildi. Adliyeye sevk edilen 4 \u015f\u00fcpheli, 18 Eyl\u00fcl g\u00fcn\u00fc \u00e7\u0131kar\u0131ld\u0131klar\u0131 mahkemece adli kontrol \u015fart\u0131yla serbest b\u0131rak\u0131ld\u0131.<\/p>\n<p>G\u00f6r\u00fcnt\u00fcler yay\u0131nland\u0131, sald\u0131rganlar tutukland\u0131<br \/>\n<br \/>Olay g\u00f6r\u00fcnt\u00fclerinin bas\u0131nda yer almas\u0131n\u0131n ard\u0131ndan \u015f\u00fcphelileri yakalamak i\u00e7in yeniden \u00e7al\u0131\u015fma ba\u015flat\u0131ld\u0131. Polise s\u00f6zl\u00fc ve fiziki sald\u0131r\u0131 g\u00f6r\u00fcnt\u00fclerinin yay\u0131nlanmas\u0131n\u0131n ard\u0131ndan olayla ilgili toplam 6 \u015f\u00fcpheli g\u00f6zalt\u0131na al\u0131nd\u0131. \u0130\u015flemlerinin ard\u0131ndan adliyeye sevk edilen \u015f\u00fcpheliler tutukland\u0131. Emniyet Genel M\u00fcd\u00fcrl\u00fc\u011f\u00fc taraf\u0131ndan yap\u0131lan a\u00e7\u0131klamada \u015fu s\u00f6zlere yer verildi:<br \/>\n<br \/>&#8220;17 Eyl\u00fcl 2025 tarihinde, \u0130zmir ili Sel\u00e7uk il\u00e7esinde bir d\u00fc\u011f\u00fcn salonu \u00f6n\u00fcnde havaya ate\u015f a\u00e7\u0131ld\u0131\u011f\u0131 y\u00f6n\u00fcnde al\u0131nan ihbar \u00fczerine, Sel\u00e7uk \u0130l\u00e7e Emniyet M\u00fcd\u00fcrl\u00fc\u011f\u00fcne ba\u011fl\u0131 ekiplerimiz taraf\u0131ndan olay yerine ivedilikle intikal edilmi\u015ftir. Olaya m\u00fcdahale s\u0131ras\u0131nda 5 polis memurumuza s\u00f6zl\u00fc ve fiziki mukavemet g\u00f6sterilmi\u015ftir. Konuyla ilgili 6 \u015f\u00fcpheli \u015fah\u0131s, ekiplerimizce g\u00f6zalt\u0131na al\u0131nm\u0131\u015ft\u0131r. Milletimizin huzur ve g\u00fcvenli\u011fi i\u00e7in fedak\u00e2rca g\u00f6rev yapan personelimize y\u00f6nelik sald\u0131r\u0131lar kar\u015f\u0131l\u0131ks\u0131z b\u0131rak\u0131lmam\u0131\u015f, failler sevk edildi\u011fi adli makamlar taraf\u0131ndan tutuklanm\u0131\u015ft\u0131r.&#8221;<br \/><\/p>\n","protected":false},"excerpt":{"rendered":"<p>\u0130zmir\u2019in Sel\u00e7uk il\u00e7esinde bir d\u00fc\u011f\u00fcn salonunda silah s\u0131k\u0131ld\u0131\u011f\u0131 ihbar\u0131 \u00fczerine b\u00f6lgeye giden polis ekiplerine tekme ve yumruklu sald\u0131rd\u0131ktan sonra g\u00f6zalt\u0131na al\u0131nan ve savc\u0131l\u0131k taraf\u0131ndan adli kontrolle serbest b\u0131rak\u0131lan \u015f\u00fcpheliler, olay\u0131n bas\u0131na yans\u0131mas\u0131n\u0131n ard\u0131ndan tekrar g\u00f6zalt\u0131na al\u0131nd\u0131. Olayla ilgili 6 \u015f\u00fcphelinin tutukland\u0131\u011f\u0131, Emniyet Genel M\u00fcd\u00fcrl\u00fc\u011f\u00fc taraf\u0131ndan a\u00e7\u0131kland\u0131. Olay, 17 Eyl\u00fcl \u00c7ar\u015famba g\u00fcn\u00fc Zafer Mahallesi Kobuleti Caddesi\u2019nde&#8230;<\/p>\n","protected":false},"author":1,"featured_media":56878,"comment_status":"open","ping_status":"open","sticky":false,"template":"","format":"standard","meta":{"_crdt_document":"","footnotes":""},"categories":[5],"tags":[],"class_list":["post-56877","post","type-post","status-publish","format-standard","has-post-thumbnail","hentry","category-asayis"],"_links":{"self":[{"href":"https:\/\/www.egemtv.com\/index.php?rest_route=\/wp\/v2\/posts\/56877","targetHints":{"allow":["GET"]}}],"collection":[{"href":"https:\/\/www.egemtv.com\/index.php?rest_route=\/wp\/v2\/posts"}],"about":[{"href":"https:\/\/www.egemtv.com\/index.php?rest_route=\/wp\/v2\/types\/post"}],"author":[{"embeddable":true,"href":"https:\/\/www.egemtv.com\/index.php?rest_route=\/wp\/v2\/users\/1"}],"replies":[{"embeddable":true,"href":"https:\/\/www.egemtv.com\/index.php?rest_route=%2Fwp%2Fv2%2Fcomments&post=56877"}],"version-history":[{"count":1,"href":"https:\/\/www.egemtv.com\/index.php?rest_route=\/wp\/v2\/posts\/56877\/revisions"}],"predecessor-version":[{"id":56879,"href":"https:\/\/www.egemtv.com\/index.php?rest_route=\/wp\/v2\/posts\/56877\/revisions\/56879"}],"wp:featuredmedia":[{"embeddable":true,"href":"https:\/\/www.egemtv.com\/index.php?rest_route=\/wp\/v2\/media\/56878"}],"wp:attachment":[{"href":"https:\/\/www.egemtv.com\/index.php?rest_route=%2Fwp%2Fv2%2Fmedia&parent=56877"}],"wp:term":[{"taxonomy":"category","embeddable":true,"href":"https:\/\/www.egemtv.com\/index.php?rest_route=%2Fwp%2Fv2%2Fcategories&post=56877"},{"taxonomy":"post_tag","embeddable":true,"href":"https:\/\/www.egemtv.com\/index.php?rest_route=%2Fwp%2Fv2%2Ftags&post=56877"}],"curies":[{"name":"wp","href":"https:\/\/api.w.org\/{rel}","templated":true}]}}