{"id":56874,"date":"2025-09-23T21:16:15","date_gmt":"2025-09-23T18:16:15","guid":{"rendered":"https:\/\/www.egemtv.com\/?p=56874"},"modified":"2025-09-23T21:16:16","modified_gmt":"2025-09-23T18:16:16","slug":"evinde-1-kilo-uyusturucu-ve-yuzlerce-hapla-yakalandi","status":"publish","type":"post","link":"https:\/\/www.egemtv.com\/?p=56874","title":{"rendered":"Evinde 1 kilo uyu\u015fturucu ve y\u00fczlerce hapla yakaland\u0131"},"content":{"rendered":"<p>Manisa\u2019n\u0131n K\u0131rka\u011fa\u00e7 il\u00e7esinde jandarma ekiplerinin d\u00fczenledi\u011fi operasyonda 1 kilo 120 gram uyu\u015fturucu madde, 336 adet hap ve 2 adet kullanma aparat\u0131 ele ge\u00e7irildi. Olayla ilgili bir ki\u015fi g\u00f6zalt\u0131na al\u0131nd\u0131.<br \/>\n<br \/>Manisa \u0130l Jandarma Komutanl\u0131\u011f\u0131 \u0130stihbarat ve Narkotik \u015eube M\u00fcd\u00fcrl\u00fcklerince K\u0131rka\u011fa\u00e7 il\u00e7esinde uyu\u015fturucu madde ticareti yapan \u015fah\u0131slara y\u00f6nelik y\u00fcr\u00fct\u00fclen \u00e7al\u0131\u015fmalar sonucunda Y.\u015e. (36\/E) isimli \u015fahs\u0131n uyu\u015fturucu madde ticareti yapt\u0131\u011f\u0131 tespit edildi.<br \/>\n<br \/>K\u0131rka\u011fa\u00e7 Cumhuriyet Savc\u0131l\u0131\u011f\u0131 koordinesinde \u015f\u00fcphelinin ikametinde yap\u0131lan aramada; 1 kilo 120 gram uyu\u015fturucu, 336 adet uyu\u015fturucu hap ve 2 adet uyu\u015fturucu kullanma aparat\u0131 ele ge\u00e7irildi.<br \/>\n<br \/>\u015e\u00fcpheli Y.\u015e., Cumhuriyet Savc\u0131l\u0131\u011f\u0131na sevk edilmek \u00fczere g\u00f6zalt\u0131na al\u0131nd\u0131.<br \/><\/p>\n","protected":false},"excerpt":{"rendered":"<p>Manisa\u2019n\u0131n K\u0131rka\u011fa\u00e7 il\u00e7esinde jandarma ekiplerinin d\u00fczenledi\u011fi operasyonda 1 kilo 120 gram uyu\u015fturucu madde, 336 adet hap ve 2 adet kullanma aparat\u0131 ele ge\u00e7irildi. Olayla ilgili bir ki\u015fi g\u00f6zalt\u0131na al\u0131nd\u0131. Manisa \u0130l Jandarma Komutanl\u0131\u011f\u0131 \u0130stihbarat ve Narkotik \u015eube M\u00fcd\u00fcrl\u00fcklerince K\u0131rka\u011fa\u00e7 il\u00e7esinde uyu\u015fturucu madde ticareti yapan \u015fah\u0131slara y\u00f6nelik y\u00fcr\u00fct\u00fclen \u00e7al\u0131\u015fmalar sonucunda Y.\u015e. (36\/E) isimli \u015fahs\u0131n uyu\u015fturucu madde&#8230;<\/p>\n","protected":false},"author":1,"featured_media":56875,"comment_status":"open","ping_status":"open","sticky":false,"template":"","format":"standard","meta":{"_crdt_document":"","footnotes":""},"categories":[5],"tags":[],"class_list":["post-56874","post","type-post","status-publish","format-standard","has-post-thumbnail","hentry","category-asayis"],"_links":{"self":[{"href":"https:\/\/www.egemtv.com\/index.php?rest_route=\/wp\/v2\/posts\/56874","targetHints":{"allow":["GET"]}}],"collection":[{"href":"https:\/\/www.egemtv.com\/index.php?rest_route=\/wp\/v2\/posts"}],"about":[{"href":"https:\/\/www.egemtv.com\/index.php?rest_route=\/wp\/v2\/types\/post"}],"author":[{"embeddable":true,"href":"https:\/\/www.egemtv.com\/index.php?rest_route=\/wp\/v2\/users\/1"}],"replies":[{"embeddable":true,"href":"https:\/\/www.egemtv.com\/index.php?rest_route=%2Fwp%2Fv2%2Fcomments&post=56874"}],"version-history":[{"count":1,"href":"https:\/\/www.egemtv.com\/index.php?rest_route=\/wp\/v2\/posts\/56874\/revisions"}],"predecessor-version":[{"id":56876,"href":"https:\/\/www.egemtv.com\/index.php?rest_route=\/wp\/v2\/posts\/56874\/revisions\/56876"}],"wp:featuredmedia":[{"embeddable":true,"href":"https:\/\/www.egemtv.com\/index.php?rest_route=\/wp\/v2\/media\/56875"}],"wp:attachment":[{"href":"https:\/\/www.egemtv.com\/index.php?rest_route=%2Fwp%2Fv2%2Fmedia&parent=56874"}],"wp:term":[{"taxonomy":"category","embeddable":true,"href":"https:\/\/www.egemtv.com\/index.php?rest_route=%2Fwp%2Fv2%2Fcategories&post=56874"},{"taxonomy":"post_tag","embeddable":true,"href":"https:\/\/www.egemtv.com\/index.php?rest_route=%2Fwp%2Fv2%2Ftags&post=56874"}],"curies":[{"name":"wp","href":"https:\/\/api.w.org\/{rel}","templated":true}]}}