{"id":56871,"date":"2025-09-23T21:16:14","date_gmt":"2025-09-23T18:16:14","guid":{"rendered":"https:\/\/www.egemtv.com\/?p=56871"},"modified":"2025-09-23T21:16:15","modified_gmt":"2025-09-23T18:16:15","slug":"sarigolde-ahilik-haftasi-coskuyla-kutlandi","status":"publish","type":"post","link":"https:\/\/www.egemtv.com\/?p=56871","title":{"rendered":"Sar\u0131g\u00f6l\u2019de Ahilik Haftas\u0131 co\u015fkuyla kutland\u0131"},"content":{"rendered":"<p>Manisa\u2019n\u0131n Sar\u0131g\u00f6l il\u00e7esinde Ahilik Haftas\u0131 dolay\u0131s\u0131yla d\u00fczenlenen etkinlikler b\u00fcy\u00fck co\u015fkuyla kutland\u0131. Program kapsam\u0131nda &#8220;Y\u0131l\u0131n Ahisi&#8221;, &#8220;Y\u0131l\u0131n Kalfas\u0131&#8221; ve &#8220;Y\u0131l\u0131n \u00c7\u0131ra\u011f\u0131&#8221; se\u00e7ilerek \u00f6d\u00fclleri verildi.<br \/>\n<br \/>Sar\u0131g\u00f6l Kaymakaml\u0131\u011f\u0131, Sar\u0131g\u00f6l \u0130l\u00e7e Milli E\u011fitim M\u00fcd\u00fcrl\u00fc\u011f\u00fc ve Sar\u0131g\u00f6l Esnaf ve Sanatk\u00e2rlar Odas\u0131 i\u015f birli\u011fiyle organize edilen etkinlikler, esnaf y\u00fcr\u00fcy\u00fc\u015f\u00fcyle ba\u015flay\u0131p \u015eehit Ali Suyabatmaz Mesleki E\u011fitim Merkezi\u2019nde devam etti. Burada yap\u0131lan protokol konu\u015fmalar\u0131nda ahilik k\u00fclt\u00fcr\u00fcn\u00fcn \u00f6nemi vurguland\u0131.<br \/>\n<br \/>Programda ahili\u011fin simgeledi\u011fi mesleki ahlak, dayan\u0131\u015fma ve ustal\u0131k de\u011ferlerini temsil eden isimler \u00f6d\u00fcllerini ald\u0131. Sar\u0131g\u00f6l\u2019de y\u0131l\u0131n ahisi Mehmet Uzan olurken, y\u0131l\u0131n kalfas\u0131 Ahmet Mert Y\u0131ld\u0131r\u0131m, y\u0131l\u0131n \u00e7\u0131ra\u011f\u0131 ise Muhammet Mustafa Kahraman se\u00e7ildi.<br \/>\n<br \/>Etkinlik sonunda kat\u0131l\u0131mc\u0131lara pide ikram edilirken, esnaflar aras\u0131nda sohbetler yap\u0131ld\u0131. \u015eehit Ali Suyabatmaz Mesleki E\u011fitim Merkezi M\u00fcd\u00fcr\u00fc Ayten Beycan, &#8220;Bu t\u00fcr etkinlikler, geleneksel de\u011ferlerin ya\u015fat\u0131lmas\u0131 a\u00e7\u0131s\u0131ndan \u00f6nem ta\u015f\u0131yor. Kat\u0131l\u0131mlar\u0131ndan dolay\u0131 Sar\u0131g\u00f6l \u0130l\u00e7e Milli E\u011fitim M\u00fcd\u00fcr\u00fc Cezmi Y\u0131ld\u0131rak\u2019a ve organizasyonda eme\u011fi ge\u00e7en Sar\u0131g\u00f6l Esnaf ve Sanatkarlar Odas\u0131 Ba\u015fkan\u0131 Emrah Ero\u011flu\u2019na te\u015fekk\u00fcr ederim.&#8221; dedi.<br \/>\n<br \/>Ahilik Haftas\u0131 kutlamalar\u0131, esnaf aras\u0131nda birlik ve beraberli\u011fi peki\u015ftirirken, gen\u00e7 nesillere de ahilik k\u00fclt\u00fcr\u00fcn\u00fcn aktar\u0131lmas\u0131na katk\u0131 sa\u011flad\u0131.<br \/><\/p>\n","protected":false},"excerpt":{"rendered":"<p>Manisa\u2019n\u0131n Sar\u0131g\u00f6l il\u00e7esinde Ahilik Haftas\u0131 dolay\u0131s\u0131yla d\u00fczenlenen etkinlikler b\u00fcy\u00fck co\u015fkuyla kutland\u0131. Program kapsam\u0131nda &#8220;Y\u0131l\u0131n Ahisi&#8221;, &#8220;Y\u0131l\u0131n Kalfas\u0131&#8221; ve &#8220;Y\u0131l\u0131n \u00c7\u0131ra\u011f\u0131&#8221; se\u00e7ilerek \u00f6d\u00fclleri verildi. Sar\u0131g\u00f6l Kaymakaml\u0131\u011f\u0131, Sar\u0131g\u00f6l \u0130l\u00e7e Milli E\u011fitim M\u00fcd\u00fcrl\u00fc\u011f\u00fc ve Sar\u0131g\u00f6l Esnaf ve Sanatk\u00e2rlar Odas\u0131 i\u015f birli\u011fiyle organize edilen etkinlikler, esnaf y\u00fcr\u00fcy\u00fc\u015f\u00fcyle ba\u015flay\u0131p \u015eehit Ali Suyabatmaz Mesleki E\u011fitim Merkezi\u2019nde devam etti. Burada yap\u0131lan protokol&#8230;<\/p>\n","protected":false},"author":1,"featured_media":56872,"comment_status":"open","ping_status":"open","sticky":false,"template":"","format":"standard","meta":{"_crdt_document":"","footnotes":""},"categories":[1],"tags":[],"class_list":["post-56871","post","type-post","status-publish","format-standard","has-post-thumbnail","hentry","category-guncel"],"_links":{"self":[{"href":"https:\/\/www.egemtv.com\/index.php?rest_route=\/wp\/v2\/posts\/56871","targetHints":{"allow":["GET"]}}],"collection":[{"href":"https:\/\/www.egemtv.com\/index.php?rest_route=\/wp\/v2\/posts"}],"about":[{"href":"https:\/\/www.egemtv.com\/index.php?rest_route=\/wp\/v2\/types\/post"}],"author":[{"embeddable":true,"href":"https:\/\/www.egemtv.com\/index.php?rest_route=\/wp\/v2\/users\/1"}],"replies":[{"embeddable":true,"href":"https:\/\/www.egemtv.com\/index.php?rest_route=%2Fwp%2Fv2%2Fcomments&post=56871"}],"version-history":[{"count":1,"href":"https:\/\/www.egemtv.com\/index.php?rest_route=\/wp\/v2\/posts\/56871\/revisions"}],"predecessor-version":[{"id":56873,"href":"https:\/\/www.egemtv.com\/index.php?rest_route=\/wp\/v2\/posts\/56871\/revisions\/56873"}],"wp:featuredmedia":[{"embeddable":true,"href":"https:\/\/www.egemtv.com\/index.php?rest_route=\/wp\/v2\/media\/56872"}],"wp:attachment":[{"href":"https:\/\/www.egemtv.com\/index.php?rest_route=%2Fwp%2Fv2%2Fmedia&parent=56871"}],"wp:term":[{"taxonomy":"category","embeddable":true,"href":"https:\/\/www.egemtv.com\/index.php?rest_route=%2Fwp%2Fv2%2Fcategories&post=56871"},{"taxonomy":"post_tag","embeddable":true,"href":"https:\/\/www.egemtv.com\/index.php?rest_route=%2Fwp%2Fv2%2Ftags&post=56871"}],"curies":[{"name":"wp","href":"https:\/\/api.w.org\/{rel}","templated":true}]}}