{"id":56868,"date":"2025-09-23T20:14:58","date_gmt":"2025-09-23T17:14:58","guid":{"rendered":"https:\/\/www.egemtv.com\/?p=56868"},"modified":"2025-09-23T20:15:00","modified_gmt":"2025-09-23T17:15:00","slug":"askiden-kusadasi-belediyesinin-su-borcu-aciklamasi","status":"publish","type":"post","link":"https:\/\/www.egemtv.com\/?p=56868","title":{"rendered":"ASK\u0130\u2019den Ku\u015fadas\u0131 Belediyesi\u2019nin su borcu a\u00e7\u0131klamas\u0131"},"content":{"rendered":"<p>Ayd\u0131n B\u00fcy\u00fck\u015fehir Belediyesi Ayd\u0131n Su ve Kanalizasyon \u0130daresi Genel M\u00fcd\u00fcrl\u00fc\u011f\u00fc (ASK\u0130), son g\u00fcnlerde bas\u0131nda yer alan &#8220;Ku\u015fadas\u0131 Belediyesi\u2019nin su aboneliklerinde kesinti yap\u0131ld\u0131\u011f\u0131&#8221; y\u00f6n\u00fcndeki iddialar\u0131n ger\u00e7e\u011fi yans\u0131tmad\u0131\u011f\u0131n\u0131 a\u00e7\u0131klad\u0131.<\/p>\n<p>ASK\u0130\u2019den yap\u0131lan a\u00e7\u0131klamada kamu kaynaklar\u0131n\u0131n etkin, verimli ve hukuka uygun \u015fekilde y\u00f6netilmesi gerekti\u011fine dikkat \u00e7ekilerek, Ku\u015fadas\u0131 Belediyesi\u2019nin uzun s\u00fcredir \u00f6denmeyen su faturalar\u0131 bulundu\u011fu belirtildi. A\u00e7\u0131klamada, &#8220;Son zamanlarda baz\u0131 bas\u0131n yay\u0131n organlar\u0131nda; Genel M\u00fcd\u00fcrl\u00fc\u011f\u00fcm\u00fczce Ku\u015fadas\u0131 Belediye Ba\u015fkanl\u0131\u011f\u0131na ait su aboneliklerinde kesinti yap\u0131ld\u0131\u011f\u0131na y\u00f6nelik ger\u00e7e\u011fi yans\u0131tmayan iddialar \u00fczerine, kamuoyunun do\u011fru bilgilendirilmesi amac\u0131yla a\u015fa\u011f\u0131daki a\u00e7\u0131klaman\u0131n yap\u0131lmas\u0131 gere\u011fi has\u0131l olmu\u015ftur.  5018 Say\u0131l\u0131 Kamu Mali Y\u00f6netimi ve Kontrol Kanunu uyar\u0131nca, kamu kurum ve kurulu\u015flar\u0131; kamuya ait kaynaklar\u0131n etkin, verimli, ekonomik ve hukuka uygun y\u00f6netilmesinden sorumludur.  Yan\u0131lt\u0131c\u0131 a\u00e7\u0131klamalara konu olan ve yakla\u015f\u0131k 683 bin abonemizden birisi olan Ku\u015fadas\u0131 Belediyesine; belediyeye ait tesislerde t\u00fcketilen suya kar\u015f\u0131l\u0131k gelen t\u00fcketim bedeli nedeniyle, tahakkuku ger\u00e7ekle\u015ftirilen faturalar\u0131 \u00f6dememesi sonucunda, 23.05.2024 tarihinden ba\u015flamak \u00fczere 16 ay boyunca d\u00fczenli olarak, kamu zarar\u0131 olu\u015fmamas\u0131n\u0131 teminen bor\u00e7 bildiriminde bulunulmu\u015f, borcunu \u00f6demesi talep edilmi\u015ftir. Bununla birlikte; an\u0131lan tarihten bu yana Ku\u015fadas\u0131 Belediyesine ait aboneliklerden herhangi birisinde tek bir kere dahi su kesintisi yap\u0131lmam\u0131\u015f, vatanda\u015flar\u0131m\u0131z\u0131n ma\u011fduriyetini engellemek amac\u0131yla su hizmeti verilmeye devam edilmi\u015f, halen de devam edilmektedir. Ku\u015fadas\u0131 Belediyesi; abonemiz olan ve i\u00e7me suyu hizmeti sundu\u011fumuz di\u011fer t\u00fcm kamu kurum ve kurulu\u015flar\u0131n\u0131n aksine s\u00f6z konusu hizmete kar\u015f\u0131l\u0131k gelen faturalar\u0131n\u0131 \u00f6dememekte \u0131srar etmi\u015f, 23.09.2025 tarihi itibari ile de toplam bor\u00e7 tahakkuku 14.735.000 liraya ula\u015fm\u0131\u015ft\u0131r. Ku\u015fadas\u0131\u2019na Belediyesine tavsiyemiz; Ayd\u0131n\u2019da kurumumuzdan hizmet alan onlarca di\u011fer kamu kurum ve kurulu\u015fu ile 683 bine yak\u0131n abone vatanda\u015f\u0131m\u0131z gibi, alm\u0131\u015f oldu\u011fu hizmetin bedelini \u00f6demesi, kamu zarar\u0131na neden olmamas\u0131d\u0131r. Kamuoyunun bilgisine sayg\u0131lar\u0131m\u0131zla arz olunur&#8221; ifadelerine yer verildi.<br \/><\/p>\n","protected":false},"excerpt":{"rendered":"<p>Ayd\u0131n B\u00fcy\u00fck\u015fehir Belediyesi Ayd\u0131n Su ve Kanalizasyon \u0130daresi Genel M\u00fcd\u00fcrl\u00fc\u011f\u00fc (ASK\u0130), son g\u00fcnlerde bas\u0131nda yer alan &#8220;Ku\u015fadas\u0131 Belediyesi\u2019nin su aboneliklerinde kesinti yap\u0131ld\u0131\u011f\u0131&#8221; y\u00f6n\u00fcndeki iddialar\u0131n ger\u00e7e\u011fi yans\u0131tmad\u0131\u011f\u0131n\u0131 a\u00e7\u0131klad\u0131. ASK\u0130\u2019den yap\u0131lan a\u00e7\u0131klamada kamu kaynaklar\u0131n\u0131n etkin, verimli ve hukuka uygun \u015fekilde y\u00f6netilmesi gerekti\u011fine dikkat \u00e7ekilerek, Ku\u015fadas\u0131 Belediyesi\u2019nin uzun s\u00fcredir \u00f6denmeyen su faturalar\u0131 bulundu\u011fu belirtildi. A\u00e7\u0131klamada, &#8220;Son zamanlarda baz\u0131&#8230;<\/p>\n","protected":false},"author":1,"featured_media":56869,"comment_status":"open","ping_status":"open","sticky":false,"template":"","format":"standard","meta":{"_crdt_document":"","footnotes":""},"categories":[1],"tags":[],"class_list":["post-56868","post","type-post","status-publish","format-standard","has-post-thumbnail","hentry","category-guncel"],"_links":{"self":[{"href":"https:\/\/www.egemtv.com\/index.php?rest_route=\/wp\/v2\/posts\/56868","targetHints":{"allow":["GET"]}}],"collection":[{"href":"https:\/\/www.egemtv.com\/index.php?rest_route=\/wp\/v2\/posts"}],"about":[{"href":"https:\/\/www.egemtv.com\/index.php?rest_route=\/wp\/v2\/types\/post"}],"author":[{"embeddable":true,"href":"https:\/\/www.egemtv.com\/index.php?rest_route=\/wp\/v2\/users\/1"}],"replies":[{"embeddable":true,"href":"https:\/\/www.egemtv.com\/index.php?rest_route=%2Fwp%2Fv2%2Fcomments&post=56868"}],"version-history":[{"count":1,"href":"https:\/\/www.egemtv.com\/index.php?rest_route=\/wp\/v2\/posts\/56868\/revisions"}],"predecessor-version":[{"id":56870,"href":"https:\/\/www.egemtv.com\/index.php?rest_route=\/wp\/v2\/posts\/56868\/revisions\/56870"}],"wp:featuredmedia":[{"embeddable":true,"href":"https:\/\/www.egemtv.com\/index.php?rest_route=\/wp\/v2\/media\/56869"}],"wp:attachment":[{"href":"https:\/\/www.egemtv.com\/index.php?rest_route=%2Fwp%2Fv2%2Fmedia&parent=56868"}],"wp:term":[{"taxonomy":"category","embeddable":true,"href":"https:\/\/www.egemtv.com\/index.php?rest_route=%2Fwp%2Fv2%2Fcategories&post=56868"},{"taxonomy":"post_tag","embeddable":true,"href":"https:\/\/www.egemtv.com\/index.php?rest_route=%2Fwp%2Fv2%2Ftags&post=56868"}],"curies":[{"name":"wp","href":"https:\/\/api.w.org\/{rel}","templated":true}]}}