{"id":56862,"date":"2025-09-23T17:35:11","date_gmt":"2025-09-23T14:35:11","guid":{"rendered":"https:\/\/www.egemtv.com\/?p=56862"},"modified":"2025-09-23T17:35:12","modified_gmt":"2025-09-23T14:35:12","slug":"mugla-valisi-akbiyik-stat-ekim-ayinda-bitmis-olacak","status":"publish","type":"post","link":"https:\/\/www.egemtv.com\/?p=56862","title":{"rendered":"Mu\u011fla Valisi Akb\u0131y\u0131k: &#8220;Stat Ekim ay\u0131nda bitmi\u015f olacak&#8221;"},"content":{"rendered":"<p>Mu\u011fla Valisi Dr. \u0130dris Akb\u0131y\u0131k, yap\u0131m\u0131 s\u00fcren Atat\u00fcrk Stadyumu\u2019nda incelemelerde bulundu. Akb\u0131y\u0131k, &#8220;Mu\u011flal\u0131lar heyecanla bu statta ma\u00e7 oynanmas\u0131n\u0131 bekliyorlar, in\u015fallah Ekim ay\u0131nda bitmi\u015f olacak&#8221; dedi.<\/p>\n<p>Deprem riski nedeniyle y\u0131k\u0131m\u0131 ger\u00e7ekle\u015ftirilen Mu\u011fla Atat\u00fcrk Stadyumu\u2019nun trib\u00fcnlerinin yeniden yap\u0131m\u0131 t\u00fcm h\u0131z\u0131yla s\u00fcr\u00fcyor. Mu\u011fla Valisi Dr. \u0130dris Akb\u0131y\u0131k, devam eden in\u015faat \u00e7al\u0131\u015fmalar\u0131n\u0131 yerinde takip etti. Vali Akb\u0131y\u0131k\u2019a incelemeler s\u0131ras\u0131nda Mu\u011flaspor Ba\u015fkan\u0131 Menaf K\u0131yan\u00e7 e\u015flik etti. Yeni yap\u0131lan odalar\u0131, trib\u00fcnleri ve soyunma odalar\u0131n\u0131 gezen Akb\u0131y\u0131k, in\u015faat\u0131n son durumu hakk\u0131nda bilgi ald\u0131. Trib\u00fcn koltuklar\u0131n\u0131n tak\u0131ld\u0131\u011f\u0131, du\u015f kabinlerinin ise bitme a\u015famas\u0131na geldi\u011fi g\u00f6r\u00fcld\u00fc. 19 Ekim\u2019de oynanacak Mu\u011flaspor-Erzincanspor ma\u00e7\u0131n\u0131n yeni sahada yap\u0131lmas\u0131 bekleniyor.<\/p>\n<p>&#8220;Heyecanla Bekliyoruz&#8221;<br \/>\n<br \/>Mu\u011fla Valisi Akb\u0131y\u0131k a\u00e7\u0131klamas\u0131nda, &#8220;Mu\u011fla \u015eehir Stad\u0131m\u0131z\u0131n in\u015faat\u0131 t\u00fcm h\u0131z\u0131yla devam ediyor. \u0130n\u015fallah en k\u0131sa s\u00fcrede bitmesi i\u00e7in t\u00fcm kurum ve kurulu\u015flar\u0131m\u0131zla her t\u00fcrl\u00fc \u00e7abay\u0131 sarf ediyoruz. Biliyorum Mu\u011flal\u0131lar heyecanla bu statta ma\u00e7 oynanmas\u0131n\u0131 bekliyorlar, in\u015fallah Ekim ay\u0131nda bitmi\u015f olacak. Biz de Mu\u011flaspor halk\u0131 olarak gerekli deste\u011fi verece\u011fiz. Gen\u00e7lik Spor M\u00fcd\u00fcrl\u00fc\u011f\u00fcm\u00fcz, Yat\u0131r\u0131m \u0130zleme ve Koordinasyon Ba\u015fkanl\u0131\u011f\u0131m\u0131z gayretle \u00e7al\u0131\u015f\u0131yorlar. Biz de heyecanla bekliyoruz&#8221; diye konu\u015ftu.<br \/><\/p>\n","protected":false},"excerpt":{"rendered":"<p>Mu\u011fla Valisi Dr. \u0130dris Akb\u0131y\u0131k, yap\u0131m\u0131 s\u00fcren Atat\u00fcrk Stadyumu\u2019nda incelemelerde bulundu. Akb\u0131y\u0131k, &#8220;Mu\u011flal\u0131lar heyecanla bu statta ma\u00e7 oynanmas\u0131n\u0131 bekliyorlar, in\u015fallah Ekim ay\u0131nda bitmi\u015f olacak&#8221; dedi. Deprem riski nedeniyle y\u0131k\u0131m\u0131 ger\u00e7ekle\u015ftirilen Mu\u011fla Atat\u00fcrk Stadyumu\u2019nun trib\u00fcnlerinin yeniden yap\u0131m\u0131 t\u00fcm h\u0131z\u0131yla s\u00fcr\u00fcyor. Mu\u011fla Valisi Dr. \u0130dris Akb\u0131y\u0131k, devam eden in\u015faat \u00e7al\u0131\u015fmalar\u0131n\u0131 yerinde takip etti. Vali Akb\u0131y\u0131k\u2019a incelemeler s\u0131ras\u0131nda&#8230;<\/p>\n","protected":false},"author":1,"featured_media":56863,"comment_status":"open","ping_status":"open","sticky":false,"template":"","format":"standard","meta":{"_crdt_document":"","footnotes":""},"categories":[4],"tags":[],"class_list":["post-56862","post","type-post","status-publish","format-standard","has-post-thumbnail","hentry","category-spor"],"_links":{"self":[{"href":"https:\/\/www.egemtv.com\/index.php?rest_route=\/wp\/v2\/posts\/56862","targetHints":{"allow":["GET"]}}],"collection":[{"href":"https:\/\/www.egemtv.com\/index.php?rest_route=\/wp\/v2\/posts"}],"about":[{"href":"https:\/\/www.egemtv.com\/index.php?rest_route=\/wp\/v2\/types\/post"}],"author":[{"embeddable":true,"href":"https:\/\/www.egemtv.com\/index.php?rest_route=\/wp\/v2\/users\/1"}],"replies":[{"embeddable":true,"href":"https:\/\/www.egemtv.com\/index.php?rest_route=%2Fwp%2Fv2%2Fcomments&post=56862"}],"version-history":[{"count":1,"href":"https:\/\/www.egemtv.com\/index.php?rest_route=\/wp\/v2\/posts\/56862\/revisions"}],"predecessor-version":[{"id":56864,"href":"https:\/\/www.egemtv.com\/index.php?rest_route=\/wp\/v2\/posts\/56862\/revisions\/56864"}],"wp:featuredmedia":[{"embeddable":true,"href":"https:\/\/www.egemtv.com\/index.php?rest_route=\/wp\/v2\/media\/56863"}],"wp:attachment":[{"href":"https:\/\/www.egemtv.com\/index.php?rest_route=%2Fwp%2Fv2%2Fmedia&parent=56862"}],"wp:term":[{"taxonomy":"category","embeddable":true,"href":"https:\/\/www.egemtv.com\/index.php?rest_route=%2Fwp%2Fv2%2Fcategories&post=56862"},{"taxonomy":"post_tag","embeddable":true,"href":"https:\/\/www.egemtv.com\/index.php?rest_route=%2Fwp%2Fv2%2Ftags&post=56862"}],"curies":[{"name":"wp","href":"https:\/\/api.w.org\/{rel}","templated":true}]}}