{"id":56859,"date":"2025-09-23T17:35:10","date_gmt":"2025-09-23T14:35:10","guid":{"rendered":"https:\/\/www.egemtv.com\/?p=56859"},"modified":"2025-09-23T17:35:11","modified_gmt":"2025-09-23T14:35:11","slug":"milli-mucadele-kahramani-yoruk-ali-efe-dualarla-anildi","status":"publish","type":"post","link":"https:\/\/www.egemtv.com\/?p=56859","title":{"rendered":"Milli M\u00fccadele kahraman\u0131 Y\u00f6r\u00fck Ali Efe, dualarla an\u0131ld\u0131"},"content":{"rendered":"<p>Kurtulu\u015f Sava\u015f\u0131 d\u00f6neminde g\u00f6sterdi\u011fi kahramanl\u0131klar dolay\u0131s\u0131yla Efeler diyar\u0131 Ayd\u0131n\u2019da ad\u0131na t\u00fcrk\u00fcler yaz\u0131lan ve &#8220;Efelerin Efesi&#8221; unvan\u0131 alan Y\u00f6r\u00fck Ali Efe vefat\u0131n\u0131n 74. Y\u0131l\u0131nda Yenipazar\u2019daki mezar\u0131 ba\u015f\u0131nda dualarla an\u0131ld\u0131.<br \/>\n<br \/>Kuvayi Milliye kahramanlar\u0131ndan, Milli M\u00fccadele y\u0131llar\u0131nda g\u00f6sterdi\u011fi kahramanl\u0131klarla milletin g\u00f6nl\u00fcnde taht kuran, Y\u00f6r\u00fck Ali Efe\u2019nin \u00f6l\u00fcm\u00fcn\u00fcn 74. Y\u0131l\u0131 dolay\u0131s\u0131yla \u015fu anda m\u00fcze olarak kullan\u0131lan Yenipazar\u2019daki evinin bah\u00e7esinde anma etkinli\u011fi d\u00fczenlendi. 65 y\u0131ll\u0131k \u00f6mr\u00fcn\u00fc m\u00fccadele ile ge\u00e7iren, yi\u011fitli\u011finin yan\u0131 s\u0131ra keskin ni\u015fanc\u0131l\u0131\u011f\u0131 ve bir gecede birka\u00e7 da\u011f birden a\u015fmas\u0131 ile tan\u0131nan Y\u00f6r\u00fck Ali Efe \u0130zmir\u2019de ge\u00e7irdi\u011fi tramvay kazas\u0131n\u0131n ard\u0131ndan 1951 y\u0131l\u0131nda hayat\u0131n\u0131 kaybetmi\u015fti.<br \/>\n<br \/>\u0130lk olarak Yenipazar \u015eehir Mezarl\u0131\u011f\u0131nda topra\u011fa verilen Y\u00f6r\u00fck Ali Efe\u2019nin naa\u015f\u0131 Bakanlar Kurulu\u2019nun 29 A\u011fustos 2000 tarih ve 2000\/1252 say\u0131l\u0131 karar\u0131 ile m\u00fcze bah\u00e7esine ta\u015f\u0131nm\u0131\u015ft\u0131. Y\u00f6r\u00fck Ali Efe i\u00e7in d\u00fczenlenen anma t\u00f6reni sayg\u0131 duru\u015fu ve \u0130stiklal Mar\u015f\u0131\u2019n\u0131n okunmas\u0131n\u0131n ba\u015flay\u0131p Zeybek Oyunlar\u0131 g\u00f6sterisi ile devam etti. T\u00f6rene kat\u0131lan Y\u00f6r\u00fck Ali Efe\u2019nin torunlar\u0131ndan emekli vali Kayhan Kavas, dedesi ile ilgili an\u0131lar\u0131 anlat\u0131p kahramanl\u0131klar\u0131ndan baz\u0131 kesitler anlatt\u0131.<br \/>\n<br \/>Daha sonra kalabal\u0131k Y\u00f6r\u00fck Ali Efe\u2019nin m\u00fcze bah\u00e7esindeki mezar\u0131 ba\u015f\u0131nda Kur\u2019an-\u0131 Kerim okuyup dua etti.<br \/>\n<br \/>Programa Yenipazar Kaymakam\u0131 Murat Karata\u015f, Yenipazar Belediye Ba\u015fkan Vekili Canip \u00d6nal ve Ayd\u0131n \u0130l K\u00fclt\u00fcr ve Turizm M\u00fcd\u00fcr Vekili Havva Se\u00e7er Sa\u011f\u0131n\u00e7, Nazilli Ticaret Odas\u0131 Ba\u015fkan\u0131 Nuri Arslan, daire m\u00fcd\u00fcrleri ve \u00e7ok say\u0131da davetli kat\u0131ld\u0131.<br \/><\/p>\n","protected":false},"excerpt":{"rendered":"<p>Kurtulu\u015f Sava\u015f\u0131 d\u00f6neminde g\u00f6sterdi\u011fi kahramanl\u0131klar dolay\u0131s\u0131yla Efeler diyar\u0131 Ayd\u0131n\u2019da ad\u0131na t\u00fcrk\u00fcler yaz\u0131lan ve &#8220;Efelerin Efesi&#8221; unvan\u0131 alan Y\u00f6r\u00fck Ali Efe vefat\u0131n\u0131n 74. Y\u0131l\u0131nda Yenipazar\u2019daki mezar\u0131 ba\u015f\u0131nda dualarla an\u0131ld\u0131. Kuvayi Milliye kahramanlar\u0131ndan, Milli M\u00fccadele y\u0131llar\u0131nda g\u00f6sterdi\u011fi kahramanl\u0131klarla milletin g\u00f6nl\u00fcnde taht kuran, Y\u00f6r\u00fck Ali Efe\u2019nin \u00f6l\u00fcm\u00fcn\u00fcn 74. Y\u0131l\u0131 dolay\u0131s\u0131yla \u015fu anda m\u00fcze olarak kullan\u0131lan Yenipazar\u2019daki evinin bah\u00e7esinde&#8230;<\/p>\n","protected":false},"author":1,"featured_media":56860,"comment_status":"open","ping_status":"open","sticky":false,"template":"","format":"standard","meta":{"_crdt_document":"","footnotes":""},"categories":[1],"tags":[],"class_list":["post-56859","post","type-post","status-publish","format-standard","has-post-thumbnail","hentry","category-guncel"],"_links":{"self":[{"href":"https:\/\/www.egemtv.com\/index.php?rest_route=\/wp\/v2\/posts\/56859","targetHints":{"allow":["GET"]}}],"collection":[{"href":"https:\/\/www.egemtv.com\/index.php?rest_route=\/wp\/v2\/posts"}],"about":[{"href":"https:\/\/www.egemtv.com\/index.php?rest_route=\/wp\/v2\/types\/post"}],"author":[{"embeddable":true,"href":"https:\/\/www.egemtv.com\/index.php?rest_route=\/wp\/v2\/users\/1"}],"replies":[{"embeddable":true,"href":"https:\/\/www.egemtv.com\/index.php?rest_route=%2Fwp%2Fv2%2Fcomments&post=56859"}],"version-history":[{"count":1,"href":"https:\/\/www.egemtv.com\/index.php?rest_route=\/wp\/v2\/posts\/56859\/revisions"}],"predecessor-version":[{"id":56861,"href":"https:\/\/www.egemtv.com\/index.php?rest_route=\/wp\/v2\/posts\/56859\/revisions\/56861"}],"wp:featuredmedia":[{"embeddable":true,"href":"https:\/\/www.egemtv.com\/index.php?rest_route=\/wp\/v2\/media\/56860"}],"wp:attachment":[{"href":"https:\/\/www.egemtv.com\/index.php?rest_route=%2Fwp%2Fv2%2Fmedia&parent=56859"}],"wp:term":[{"taxonomy":"category","embeddable":true,"href":"https:\/\/www.egemtv.com\/index.php?rest_route=%2Fwp%2Fv2%2Fcategories&post=56859"},{"taxonomy":"post_tag","embeddable":true,"href":"https:\/\/www.egemtv.com\/index.php?rest_route=%2Fwp%2Fv2%2Ftags&post=56859"}],"curies":[{"name":"wp","href":"https:\/\/api.w.org\/{rel}","templated":true}]}}