{"id":56856,"date":"2025-09-23T17:35:09","date_gmt":"2025-09-23T14:35:09","guid":{"rendered":"https:\/\/www.egemtv.com\/?p=56856"},"modified":"2025-09-23T17:35:10","modified_gmt":"2025-09-23T14:35:10","slug":"burdurda-pazarci-kavgasi-2-yarali","status":"publish","type":"post","link":"https:\/\/www.egemtv.com\/?p=56856","title":{"rendered":"Burdur\u2019da pazarc\u0131 kavgas\u0131: 2 yaral\u0131"},"content":{"rendered":"<p>Burdur\u2019da pazarc\u0131lar\u0131n aras\u0131nda m\u00fc\u015fteri mevzusundan \u00e7\u0131kan kavgada 2 ki\u015fi yaraland\u0131.<br \/>\n<br \/>Olay, \u00f6\u011fle saatlerinde Burdur Peynir Pazar\u0131\u2019nda meydana geldi. Edinilen bilgiye g\u00f6re, m\u00fc\u015fteri meselesinden aralar\u0131nda \u00f6nceden husumet bulunan Selahattin C. ile Hayrullah \u015e. aras\u0131nda tart\u0131\u015fma \u00e7\u0131kt\u0131. Tart\u0131\u015fman\u0131n kavga d\u00f6n\u00fc\u015fmesi \u00fczerine ikili birbirini sopa ve kep\u00e7eyle yaralad\u0131. \u0130hbar \u00fczerine adrese sa\u011fl\u0131k ve polis ekipleri sevk edildi. Yaralar, sa\u011fl\u0131k ekipleri taraf\u0131ndan yap\u0131lan ilk m\u00fcdahalenin ard\u0131ndan ambulanslarla Burdur Devlet Hastanesine kald\u0131r\u0131larak tedavi alt\u0131na al\u0131nd\u0131.<br \/>\n<br \/>Olayla ilgili tahkikat ba\u015flat\u0131ld\u0131.<br \/><\/p>\n","protected":false},"excerpt":{"rendered":"<p>Burdur\u2019da pazarc\u0131lar\u0131n aras\u0131nda m\u00fc\u015fteri mevzusundan \u00e7\u0131kan kavgada 2 ki\u015fi yaraland\u0131. Olay, \u00f6\u011fle saatlerinde Burdur Peynir Pazar\u0131\u2019nda meydana geldi. Edinilen bilgiye g\u00f6re, m\u00fc\u015fteri meselesinden aralar\u0131nda \u00f6nceden husumet bulunan Selahattin C. ile Hayrullah \u015e. aras\u0131nda tart\u0131\u015fma \u00e7\u0131kt\u0131. Tart\u0131\u015fman\u0131n kavga d\u00f6n\u00fc\u015fmesi \u00fczerine ikili birbirini sopa ve kep\u00e7eyle yaralad\u0131. \u0130hbar \u00fczerine adrese sa\u011fl\u0131k ve polis ekipleri sevk edildi. Yaralar,&#8230;<\/p>\n","protected":false},"author":1,"featured_media":56857,"comment_status":"open","ping_status":"open","sticky":false,"template":"","format":"standard","meta":{"_crdt_document":"","footnotes":""},"categories":[5],"tags":[],"class_list":["post-56856","post","type-post","status-publish","format-standard","has-post-thumbnail","hentry","category-asayis"],"_links":{"self":[{"href":"https:\/\/www.egemtv.com\/index.php?rest_route=\/wp\/v2\/posts\/56856","targetHints":{"allow":["GET"]}}],"collection":[{"href":"https:\/\/www.egemtv.com\/index.php?rest_route=\/wp\/v2\/posts"}],"about":[{"href":"https:\/\/www.egemtv.com\/index.php?rest_route=\/wp\/v2\/types\/post"}],"author":[{"embeddable":true,"href":"https:\/\/www.egemtv.com\/index.php?rest_route=\/wp\/v2\/users\/1"}],"replies":[{"embeddable":true,"href":"https:\/\/www.egemtv.com\/index.php?rest_route=%2Fwp%2Fv2%2Fcomments&post=56856"}],"version-history":[{"count":1,"href":"https:\/\/www.egemtv.com\/index.php?rest_route=\/wp\/v2\/posts\/56856\/revisions"}],"predecessor-version":[{"id":56858,"href":"https:\/\/www.egemtv.com\/index.php?rest_route=\/wp\/v2\/posts\/56856\/revisions\/56858"}],"wp:featuredmedia":[{"embeddable":true,"href":"https:\/\/www.egemtv.com\/index.php?rest_route=\/wp\/v2\/media\/56857"}],"wp:attachment":[{"href":"https:\/\/www.egemtv.com\/index.php?rest_route=%2Fwp%2Fv2%2Fmedia&parent=56856"}],"wp:term":[{"taxonomy":"category","embeddable":true,"href":"https:\/\/www.egemtv.com\/index.php?rest_route=%2Fwp%2Fv2%2Fcategories&post=56856"},{"taxonomy":"post_tag","embeddable":true,"href":"https:\/\/www.egemtv.com\/index.php?rest_route=%2Fwp%2Fv2%2Ftags&post=56856"}],"curies":[{"name":"wp","href":"https:\/\/api.w.org\/{rel}","templated":true}]}}