{"id":56853,"date":"2025-09-23T17:14:58","date_gmt":"2025-09-23T14:14:58","guid":{"rendered":"https:\/\/www.egemtv.com\/?p=56853"},"modified":"2025-09-23T17:14:59","modified_gmt":"2025-09-23T14:14:59","slug":"aydin-buyuksehir-belediyesinden-universite-ogrencilerine-aykart-hizmeti","status":"publish","type":"post","link":"https:\/\/www.egemtv.com\/?p=56853","title":{"rendered":"Ayd\u0131n B\u00fcy\u00fck\u015fehir Belediyesi\u2019nden \u00fcniversite \u00f6\u011frencilerine Aykart hizmeti"},"content":{"rendered":"<p>Ayd\u0131n B\u00fcy\u00fck\u015fehir Belediyesi, 2025-2026 e\u011fitim-\u00f6\u011fretim y\u0131l\u0131 ile birlikte Ayd\u0131n Adnan Menderes \u00dcniversitesi Merkez ve \u0130sabeyli kamp\u00fcslerinde AYKART ba\u015fvuru stantlar\u0131 kurdu. Her y\u0131l oldu\u011fu gibi bu y\u0131l da \u00f6\u011frenciler ula\u015f\u0131m kart\u0131 ba\u015fvurular\u0131n\u0131 kamp\u00fcslerde yapabilecek.<\/p>\n<p>Ayd\u0131n B\u00fcy\u00fck\u015fehir Belediye Ba\u015fkan\u0131 \u00d6zlem \u00c7er\u00e7io\u011flu, \u00fcniversite e\u011fitimlerini s\u00fcrd\u00fcrmek \u00fczere Ayd\u0131n\u2019a gelen t\u00fcm \u00f6\u011frencilere &#8220;Ho\u015f geldiniz&#8221; dedi. Ba\u015fkan \u00c7er\u00e7io\u011flu, &#8220;Yeni e\u011fitim-\u00f6\u011fretim y\u0131l\u0131nda \u015fehrimize gelen t\u00fcm \u00f6\u011frencilerimize ho\u015f geldiniz diyorum. Ayd\u0131n, gen\u00e7lerimizin enerjisiyle her zaman daha da g\u00fczelle\u015fiyor. B\u00fcy\u00fck\u015fehir Belediyesi olarak \u00f6\u011frencilerimizin ula\u015f\u0131m i\u015flemlerini kolayla\u015ft\u0131rmak i\u00e7in kamp\u00fcslerimizde stantlar\u0131m\u0131z\u0131 kurduk. AYKART ba\u015fvurular\u0131 ve bakiye y\u00fckleme i\u015flemleri stantlar\u0131m\u0131z\u0131n yan\u0131 s\u0131ra cep telefonlar\u0131nda AYKART uygulamas\u0131ndan da ger\u00e7ekle\u015ftirilebiliyor&#8221; ifadelerini kulland\u0131. AYKART ile bakiye y\u00fckleme, hat hareket saatleri ve ara\u00e7 takibi gibi t\u00fcm i\u015flemler iOS ve Android uygulamalar\u0131 \u00fczerinden yap\u0131labiliyor.<br \/><\/p>\n","protected":false},"excerpt":{"rendered":"<p>Ayd\u0131n B\u00fcy\u00fck\u015fehir Belediyesi, 2025-2026 e\u011fitim-\u00f6\u011fretim y\u0131l\u0131 ile birlikte Ayd\u0131n Adnan Menderes \u00dcniversitesi Merkez ve \u0130sabeyli kamp\u00fcslerinde AYKART ba\u015fvuru stantlar\u0131 kurdu. Her y\u0131l oldu\u011fu gibi bu y\u0131l da \u00f6\u011frenciler ula\u015f\u0131m kart\u0131 ba\u015fvurular\u0131n\u0131 kamp\u00fcslerde yapabilecek. Ayd\u0131n B\u00fcy\u00fck\u015fehir Belediye Ba\u015fkan\u0131 \u00d6zlem \u00c7er\u00e7io\u011flu, \u00fcniversite e\u011fitimlerini s\u00fcrd\u00fcrmek \u00fczere Ayd\u0131n\u2019a gelen t\u00fcm \u00f6\u011frencilere &#8220;Ho\u015f geldiniz&#8221; dedi. Ba\u015fkan \u00c7er\u00e7io\u011flu, &#8220;Yeni e\u011fitim-\u00f6\u011fretim y\u0131l\u0131nda&#8230;<\/p>\n","protected":false},"author":1,"featured_media":56854,"comment_status":"open","ping_status":"open","sticky":false,"template":"","format":"standard","meta":{"_crdt_document":"","footnotes":""},"categories":[1],"tags":[],"class_list":["post-56853","post","type-post","status-publish","format-standard","has-post-thumbnail","hentry","category-guncel"],"_links":{"self":[{"href":"https:\/\/www.egemtv.com\/index.php?rest_route=\/wp\/v2\/posts\/56853","targetHints":{"allow":["GET"]}}],"collection":[{"href":"https:\/\/www.egemtv.com\/index.php?rest_route=\/wp\/v2\/posts"}],"about":[{"href":"https:\/\/www.egemtv.com\/index.php?rest_route=\/wp\/v2\/types\/post"}],"author":[{"embeddable":true,"href":"https:\/\/www.egemtv.com\/index.php?rest_route=\/wp\/v2\/users\/1"}],"replies":[{"embeddable":true,"href":"https:\/\/www.egemtv.com\/index.php?rest_route=%2Fwp%2Fv2%2Fcomments&post=56853"}],"version-history":[{"count":1,"href":"https:\/\/www.egemtv.com\/index.php?rest_route=\/wp\/v2\/posts\/56853\/revisions"}],"predecessor-version":[{"id":56855,"href":"https:\/\/www.egemtv.com\/index.php?rest_route=\/wp\/v2\/posts\/56853\/revisions\/56855"}],"wp:featuredmedia":[{"embeddable":true,"href":"https:\/\/www.egemtv.com\/index.php?rest_route=\/wp\/v2\/media\/56854"}],"wp:attachment":[{"href":"https:\/\/www.egemtv.com\/index.php?rest_route=%2Fwp%2Fv2%2Fmedia&parent=56853"}],"wp:term":[{"taxonomy":"category","embeddable":true,"href":"https:\/\/www.egemtv.com\/index.php?rest_route=%2Fwp%2Fv2%2Fcategories&post=56853"},{"taxonomy":"post_tag","embeddable":true,"href":"https:\/\/www.egemtv.com\/index.php?rest_route=%2Fwp%2Fv2%2Ftags&post=56853"}],"curies":[{"name":"wp","href":"https:\/\/api.w.org\/{rel}","templated":true}]}}