{"id":56847,"date":"2025-09-23T16:35:03","date_gmt":"2025-09-23T13:35:03","guid":{"rendered":"https:\/\/www.egemtv.com\/?p=56847"},"modified":"2025-09-23T16:35:04","modified_gmt":"2025-09-23T13:35:04","slug":"seyir-halindeki-kamyonet-alev-alev-yandi","status":"publish","type":"post","link":"https:\/\/www.egemtv.com\/?p=56847","title":{"rendered":"Seyir halindeki kamyonet alev alev yand\u0131"},"content":{"rendered":"<p>Manisa\u2019n\u0131n Salihli il\u00e7esine ba\u011fl\u0131 Adala Mahallesi\u2019nde seyir halindeki bir kamyonette \u00e7\u0131kan yang\u0131n korku dolu anlara neden oldu. Durumu fark eden s\u00fcr\u00fcc\u00fc arac\u0131n\u0131 kenara \u00e7ekerek yara almadan kurtuldu.<br \/>\n<br \/>Edinilen bilgiye g\u00f6re, A.R.B.(43) idaresindeki 20 ABB 764 plakal\u0131 kamyonet, seyir halindeyken motor k\u0131sm\u0131ndan dumanlar \u00e7\u0131kmaya ba\u015flad\u0131. Durumu fark eden s\u00fcr\u00fcc\u00fc, arac\u0131n\u0131 yol kenar\u0131na \u00e7ekerek itfaiyeden yard\u0131m istedi.<br \/>\n<br \/>\u0130hbar \u00fczerine olay yerine gelen Manisa B\u00fcy\u00fck\u015fehir Belediyesi \u0130tfaiye Dairesi Salihli Amirli\u011fi ekipleri, k\u0131sa s\u00fcrede m\u00fcdahale ederek yang\u0131n\u0131 kontrol alt\u0131na ald\u0131.<br \/>\n<br \/>Yang\u0131n sonras\u0131 ara\u00e7ta maddi hasar meydana gelirken, s\u00fcr\u00fcc\u00fcn\u00fcn yara almadan kurtulmas\u0131 bir faciay\u0131 \u00f6nledi.<br \/><\/p>\n","protected":false},"excerpt":{"rendered":"<p>Manisa\u2019n\u0131n Salihli il\u00e7esine ba\u011fl\u0131 Adala Mahallesi\u2019nde seyir halindeki bir kamyonette \u00e7\u0131kan yang\u0131n korku dolu anlara neden oldu. Durumu fark eden s\u00fcr\u00fcc\u00fc arac\u0131n\u0131 kenara \u00e7ekerek yara almadan kurtuldu. Edinilen bilgiye g\u00f6re, A.R.B.(43) idaresindeki 20 ABB 764 plakal\u0131 kamyonet, seyir halindeyken motor k\u0131sm\u0131ndan dumanlar \u00e7\u0131kmaya ba\u015flad\u0131. Durumu fark eden s\u00fcr\u00fcc\u00fc, arac\u0131n\u0131 yol kenar\u0131na \u00e7ekerek itfaiyeden yard\u0131m istedi&#8230;.<\/p>\n","protected":false},"author":1,"featured_media":56848,"comment_status":"open","ping_status":"open","sticky":false,"template":"","format":"standard","meta":{"_crdt_document":"","footnotes":""},"categories":[5],"tags":[],"class_list":["post-56847","post","type-post","status-publish","format-standard","has-post-thumbnail","hentry","category-asayis"],"_links":{"self":[{"href":"https:\/\/www.egemtv.com\/index.php?rest_route=\/wp\/v2\/posts\/56847","targetHints":{"allow":["GET"]}}],"collection":[{"href":"https:\/\/www.egemtv.com\/index.php?rest_route=\/wp\/v2\/posts"}],"about":[{"href":"https:\/\/www.egemtv.com\/index.php?rest_route=\/wp\/v2\/types\/post"}],"author":[{"embeddable":true,"href":"https:\/\/www.egemtv.com\/index.php?rest_route=\/wp\/v2\/users\/1"}],"replies":[{"embeddable":true,"href":"https:\/\/www.egemtv.com\/index.php?rest_route=%2Fwp%2Fv2%2Fcomments&post=56847"}],"version-history":[{"count":1,"href":"https:\/\/www.egemtv.com\/index.php?rest_route=\/wp\/v2\/posts\/56847\/revisions"}],"predecessor-version":[{"id":56849,"href":"https:\/\/www.egemtv.com\/index.php?rest_route=\/wp\/v2\/posts\/56847\/revisions\/56849"}],"wp:featuredmedia":[{"embeddable":true,"href":"https:\/\/www.egemtv.com\/index.php?rest_route=\/wp\/v2\/media\/56848"}],"wp:attachment":[{"href":"https:\/\/www.egemtv.com\/index.php?rest_route=%2Fwp%2Fv2%2Fmedia&parent=56847"}],"wp:term":[{"taxonomy":"category","embeddable":true,"href":"https:\/\/www.egemtv.com\/index.php?rest_route=%2Fwp%2Fv2%2Fcategories&post=56847"},{"taxonomy":"post_tag","embeddable":true,"href":"https:\/\/www.egemtv.com\/index.php?rest_route=%2Fwp%2Fv2%2Ftags&post=56847"}],"curies":[{"name":"wp","href":"https:\/\/api.w.org\/{rel}","templated":true}]}}