{"id":56841,"date":"2025-09-23T16:35:00","date_gmt":"2025-09-23T13:35:00","guid":{"rendered":"https:\/\/www.egemtv.com\/?p=56841"},"modified":"2025-09-23T16:35:02","modified_gmt":"2025-09-23T13:35:02","slug":"bodrumdaki-hesap-kavgasi-olayinda-2-tutuklama","status":"publish","type":"post","link":"https:\/\/www.egemtv.com\/?p=56841","title":{"rendered":"Bodrum\u2019daki hesap kavgas\u0131 olay\u0131nda 2 tutuklama"},"content":{"rendered":"<p>Mu\u011fla\u2019n\u0131n Bodrum il\u00e7esinde 21 Eyl\u00fcl\u2019de bir kafede hesap kavgas\u0131 sonras\u0131 tabancayla kur\u015fun ya\u011fd\u0131r\u0131lan olay\u0131n ard\u0131ndan g\u00f6zalt\u0131na al\u0131nan \u015f\u00fcphelilerden ikisi tutukland\u0131.<\/p>\n<p>Bar\u0131\u015f Meydan\u0131\u2019nda bulunan Denizciler Derne\u011fi kafesinde ya\u015fanan olayda, iddiaya g\u00f6re m\u00fc\u015fteri olarak bulunan B.\u0130., S.C.K. ve E.K. hesap \u00f6demeden mekandan ayr\u0131lm\u0131\u015f, k\u0131sa s\u00fcre sonra yeniden kafeye gelen \u015fah\u0131slar \u00e7al\u0131\u015fanlarla tart\u0131\u015fmaya girmi\u015fti. Arbede s\u0131ras\u0131nda S.C.K. belinden \u00e7\u0131kard\u0131\u011f\u0131 tabancayla i\u015f yerine art arda ate\u015f etmi\u015f, kur\u015funlar\u0131n hedefi olan kafede cam ve duvarlara mermiler isabet etmi\u015fti. Olayda yaralanan olmazken m\u00fc\u015fteriler panik halinde d\u0131\u015far\u0131 ka\u00e7m\u0131\u015ft\u0131.<\/p>\n<p>Polis k\u0131sa s\u00fcrede yakalad\u0131<br \/>\n<br \/>Sald\u0131r\u0131 sonras\u0131 ka\u00e7maya \u00e7al\u0131\u015fan S.C.K. ile G.\u0130. polis ekiplerince su\u00e7 aleti tabancayla yakalan\u0131rken, di\u011fer \u015f\u00fcpheli B.\u0130. de k\u0131sa s\u00fcrede g\u00f6zalt\u0131na al\u0131nm\u0131\u015ft\u0131. Emniyetteki i\u015flemleri tamamlanan \u015f\u00fcpheliler adliyeye sevk edildi. Mahkeme, S.C.K. ve E.K.\u2019nin tutuklanmas\u0131na karar verirken, B.\u0130. savc\u0131l\u0131k sorgusunun ard\u0131ndan serbest b\u0131rak\u0131ld\u0131.<br \/><\/p>\n","protected":false},"excerpt":{"rendered":"<p>Mu\u011fla\u2019n\u0131n Bodrum il\u00e7esinde 21 Eyl\u00fcl\u2019de bir kafede hesap kavgas\u0131 sonras\u0131 tabancayla kur\u015fun ya\u011fd\u0131r\u0131lan olay\u0131n ard\u0131ndan g\u00f6zalt\u0131na al\u0131nan \u015f\u00fcphelilerden ikisi tutukland\u0131. Bar\u0131\u015f Meydan\u0131\u2019nda bulunan Denizciler Derne\u011fi kafesinde ya\u015fanan olayda, iddiaya g\u00f6re m\u00fc\u015fteri olarak bulunan B.\u0130., S.C.K. ve E.K. hesap \u00f6demeden mekandan ayr\u0131lm\u0131\u015f, k\u0131sa s\u00fcre sonra yeniden kafeye gelen \u015fah\u0131slar \u00e7al\u0131\u015fanlarla tart\u0131\u015fmaya girmi\u015fti. Arbede s\u0131ras\u0131nda S.C.K. belinden&#8230;<\/p>\n","protected":false},"author":1,"featured_media":56842,"comment_status":"open","ping_status":"open","sticky":false,"template":"","format":"standard","meta":{"_crdt_document":"","footnotes":""},"categories":[5],"tags":[],"class_list":["post-56841","post","type-post","status-publish","format-standard","has-post-thumbnail","hentry","category-asayis"],"_links":{"self":[{"href":"https:\/\/www.egemtv.com\/index.php?rest_route=\/wp\/v2\/posts\/56841","targetHints":{"allow":["GET"]}}],"collection":[{"href":"https:\/\/www.egemtv.com\/index.php?rest_route=\/wp\/v2\/posts"}],"about":[{"href":"https:\/\/www.egemtv.com\/index.php?rest_route=\/wp\/v2\/types\/post"}],"author":[{"embeddable":true,"href":"https:\/\/www.egemtv.com\/index.php?rest_route=\/wp\/v2\/users\/1"}],"replies":[{"embeddable":true,"href":"https:\/\/www.egemtv.com\/index.php?rest_route=%2Fwp%2Fv2%2Fcomments&post=56841"}],"version-history":[{"count":1,"href":"https:\/\/www.egemtv.com\/index.php?rest_route=\/wp\/v2\/posts\/56841\/revisions"}],"predecessor-version":[{"id":56843,"href":"https:\/\/www.egemtv.com\/index.php?rest_route=\/wp\/v2\/posts\/56841\/revisions\/56843"}],"wp:featuredmedia":[{"embeddable":true,"href":"https:\/\/www.egemtv.com\/index.php?rest_route=\/wp\/v2\/media\/56842"}],"wp:attachment":[{"href":"https:\/\/www.egemtv.com\/index.php?rest_route=%2Fwp%2Fv2%2Fmedia&parent=56841"}],"wp:term":[{"taxonomy":"category","embeddable":true,"href":"https:\/\/www.egemtv.com\/index.php?rest_route=%2Fwp%2Fv2%2Fcategories&post=56841"},{"taxonomy":"post_tag","embeddable":true,"href":"https:\/\/www.egemtv.com\/index.php?rest_route=%2Fwp%2Fv2%2Ftags&post=56841"}],"curies":[{"name":"wp","href":"https:\/\/api.w.org\/{rel}","templated":true}]}}