{"id":56838,"date":"2025-09-23T16:14:56","date_gmt":"2025-09-23T13:14:56","guid":{"rendered":"https:\/\/www.egemtv.com\/?p=56838"},"modified":"2025-09-23T16:14:57","modified_gmt":"2025-09-23T13:14:57","slug":"bodrum-fkdan-stuttgarta-dostluk-koprusu","status":"publish","type":"post","link":"https:\/\/www.egemtv.com\/?p=56838","title":{"rendered":"Bodrum FK\u2019dan Stuttgart\u2019a dostluk k\u00f6pr\u00fcs\u00fc"},"content":{"rendered":"<p>Bodrum FK Asba\u015fkan\u0131 Selahattin Polat, Almanya\u2019n\u0131n k\u00f6kl\u00fc kul\u00fcplerinden Stuttgart\u2019\u0131 ziyaret ederek iki kul\u00fcp aras\u0131nda i\u015f birli\u011fi ve dostluk ad\u0131m\u0131 att\u0131.<br \/>\n<br \/>Stuttgart Kul\u00fcp Ba\u015fkan\u0131 Dietmar Allgaier ve CEO Alex Wehrle ile g\u00f6r\u00fc\u015fen Polat, altyap\u0131, deneyim payla\u015f\u0131m\u0131 ve ortak projeler \u00fczerine fikir al\u0131\u015fveri\u015finde bulundu. Ziyarette iki kul\u00fcb\u00fcn y\u00f6neticileri, kar\u015f\u0131l\u0131kl\u0131 olarak isimlerinin yaz\u0131l\u0131 oldu\u011fu formalar\u0131 birbirlerine hediye etti. Konuyla ilgili kul\u00fcb\u00fcn sosyal medya hesab\u0131ndan yap\u0131lan a\u00e7\u0131klamada, &#8220;Ba\u015fkan Vekilimiz Selahattin Polat\u2019tan VfB Stuttgart Ziyareti. Kul\u00fcp Ba\u015fkan Vekilimiz Selahattin Polat, Almanya\u2019n\u0131n k\u00f6kl\u00fc spor kul\u00fcplerinden Stuttgart\u2019\u0131 ziyaret etti. G\u00f6r\u00fc\u015fmede Stuttgart Kul\u00fcp Ba\u015fkan\u0131 Dietmar Allgaier ve Kul\u00fcp CEO\u2019su Alex Wehrle ile bir araya gelinerek iki kul\u00fcp aras\u0131nda i\u015f birli\u011fi ve deneyim payla\u015f\u0131m\u0131na y\u00f6nelik fikir al\u0131\u015fveri\u015finde bulunuldu. Ziyaret kapsam\u0131nda, Bodrum FK ve Stuttgart y\u00f6neticileri kar\u015f\u0131l\u0131kl\u0131 olarak isimlerinin yer ald\u0131\u011f\u0131 formalar\u0131 takdim ettiler. Nazik davetleri i\u00e7in Stuttgart Y\u00f6netim Kurulu \u00dcyesi Murat Altunta\u015f\u2019a kul\u00fcb\u00fcm\u00fcz ad\u0131na te\u015fekk\u00fcr ederiz&#8221; ifadelerine yer verildi.<br \/><\/p>\n","protected":false},"excerpt":{"rendered":"<p>Bodrum FK Asba\u015fkan\u0131 Selahattin Polat, Almanya\u2019n\u0131n k\u00f6kl\u00fc kul\u00fcplerinden Stuttgart\u2019\u0131 ziyaret ederek iki kul\u00fcp aras\u0131nda i\u015f birli\u011fi ve dostluk ad\u0131m\u0131 att\u0131. Stuttgart Kul\u00fcp Ba\u015fkan\u0131 Dietmar Allgaier ve CEO Alex Wehrle ile g\u00f6r\u00fc\u015fen Polat, altyap\u0131, deneyim payla\u015f\u0131m\u0131 ve ortak projeler \u00fczerine fikir al\u0131\u015fveri\u015finde bulundu. Ziyarette iki kul\u00fcb\u00fcn y\u00f6neticileri, kar\u015f\u0131l\u0131kl\u0131 olarak isimlerinin yaz\u0131l\u0131 oldu\u011fu formalar\u0131 birbirlerine hediye etti&#8230;.<\/p>\n","protected":false},"author":1,"featured_media":56839,"comment_status":"open","ping_status":"open","sticky":false,"template":"","format":"standard","meta":{"_crdt_document":"","footnotes":""},"categories":[4],"tags":[],"class_list":["post-56838","post","type-post","status-publish","format-standard","has-post-thumbnail","hentry","category-spor"],"_links":{"self":[{"href":"https:\/\/www.egemtv.com\/index.php?rest_route=\/wp\/v2\/posts\/56838","targetHints":{"allow":["GET"]}}],"collection":[{"href":"https:\/\/www.egemtv.com\/index.php?rest_route=\/wp\/v2\/posts"}],"about":[{"href":"https:\/\/www.egemtv.com\/index.php?rest_route=\/wp\/v2\/types\/post"}],"author":[{"embeddable":true,"href":"https:\/\/www.egemtv.com\/index.php?rest_route=\/wp\/v2\/users\/1"}],"replies":[{"embeddable":true,"href":"https:\/\/www.egemtv.com\/index.php?rest_route=%2Fwp%2Fv2%2Fcomments&post=56838"}],"version-history":[{"count":1,"href":"https:\/\/www.egemtv.com\/index.php?rest_route=\/wp\/v2\/posts\/56838\/revisions"}],"predecessor-version":[{"id":56840,"href":"https:\/\/www.egemtv.com\/index.php?rest_route=\/wp\/v2\/posts\/56838\/revisions\/56840"}],"wp:featuredmedia":[{"embeddable":true,"href":"https:\/\/www.egemtv.com\/index.php?rest_route=\/wp\/v2\/media\/56839"}],"wp:attachment":[{"href":"https:\/\/www.egemtv.com\/index.php?rest_route=%2Fwp%2Fv2%2Fmedia&parent=56838"}],"wp:term":[{"taxonomy":"category","embeddable":true,"href":"https:\/\/www.egemtv.com\/index.php?rest_route=%2Fwp%2Fv2%2Fcategories&post=56838"},{"taxonomy":"post_tag","embeddable":true,"href":"https:\/\/www.egemtv.com\/index.php?rest_route=%2Fwp%2Fv2%2Ftags&post=56838"}],"curies":[{"name":"wp","href":"https:\/\/api.w.org\/{rel}","templated":true}]}}