{"id":56835,"date":"2025-09-23T15:54:51","date_gmt":"2025-09-23T12:54:51","guid":{"rendered":"https:\/\/www.egemtv.com\/?p=56835"},"modified":"2025-09-23T15:54:52","modified_gmt":"2025-09-23T12:54:52","slug":"yillarin-hayali-gercek-oldu-gordes-sindirgi-yolu-asfaltlandi","status":"publish","type":"post","link":"https:\/\/www.egemtv.com\/?p=56835","title":{"rendered":"Y\u0131llar\u0131n hayali ger\u00e7ek oldu, G\u00f6rdes-S\u0131nd\u0131rg\u0131 yolu asfaltland\u0131"},"content":{"rendered":"<p>Manisa\u2019n\u0131n G\u00f6rdes il\u00e7esi ile Bal\u0131kesir\u2019in S\u0131nd\u0131rg\u0131 il\u00e7esini birbirine ba\u011flayan yol, d\u00f6rt belediyenin ortak \u00e7al\u0131\u015fmas\u0131 ile yenilendi. El ele ger\u00e7ekle\u015ftirilen \u00e7al\u0131\u015fmayla b\u00f6lgede y\u0131llar\u0131n sorunu \u00e7\u00f6z\u00fcld\u00fc. A\u00e7\u0131l\u0131\u015f t\u00f6reninde konu\u015fan Manisa B\u00fcy\u00fck\u015fehir Belediye Ba\u015fkan\u0131 Besim Dutlulu ve Bal\u0131kesir B\u00fcy\u00fck\u015fehir Belediye Ba\u015fkan\u0131 Ahmet Ak\u0131n, birlik ve beraberli\u011fe vurgu yapt\u0131.<br \/>\n<br \/>G\u00f6rdes\u2019e ba\u011fl\u0131 Kobaklar Mahallesi ile S\u0131nd\u0131rg\u0131\u2019ya ba\u011fl\u0131 Yaylabay\u0131r Mahallesi aras\u0131nda kalan ve G\u00f6rdes-S\u0131nd\u0131rg\u0131 aras\u0131ndaki ula\u015f\u0131m\u0131 da sa\u011flayan yol d\u00f6rt belediyenin \u00f6zverili \u00e7al\u0131\u015fmas\u0131 ile yenilendi. Manisa B\u00fcy\u00fck\u015fehir Belediyesi, Bal\u0131kesir B\u00fcy\u00fck\u015fehir Belediyesi, G\u00f6rdes Belediyesi ve S\u0131nd\u0131rg\u0131 Belediyesi\u2019nin ortakla\u015fa y\u00fcr\u00fctt\u00fc\u011f\u00fc sathi kaplama \u00e7al\u0131\u015fmas\u0131 ile G\u00f6rdes-S\u0131nd\u0131rg\u0131 aras\u0131nda g\u00fcvenli ve konforlu ula\u015f\u0131m sa\u011fland\u0131. Y\u0131llar\u0131n \u00e7ilesini ortadan kald\u0131ran \u00e7al\u0131\u015fman\u0131n ard\u0131ndan yol, d\u00fczenlenen t\u00f6renle a\u00e7\u0131ld\u0131. A\u00e7\u0131l\u0131\u015fa CHP Bal\u0131kesir Milletvekili Serkan Sar\u0131, Manisa B\u00fcy\u00fck\u015fehir Belediye Ba\u015fkan\u0131 Besim Dutlulu, Bal\u0131kesir B\u00fcy\u00fck\u015fehir Belediye Ba\u015fkan\u0131 Ahmet Ak\u0131n, G\u00f6rdes Belediye Ba\u015fkan\u0131 \u0130brahim B\u00fcke, S\u0131nd\u0131rg\u0131 Belediye Ba\u015fkan\u0131 Serkan Sak, daire ba\u015fkanlar\u0131, mahalle muhtarlar\u0131, sivil toplum \u00f6rg\u00fctlerinin temsilcileri ve b\u00f6lge halk\u0131 kat\u0131ld\u0131.<\/p>\n<p>&#8220;Se\u00e7imden \u00f6nce s\u00f6z vermi\u015ftik&#8221;<br \/>\n<br \/>A\u00e7\u0131l\u0131\u015f t\u00f6reninde konu\u015fan S\u0131nd\u0131rg\u0131 Belediye Ba\u015fkan\u0131 Serkan Sak, yolun kendileri i\u00e7in \u00e7ok anlaml\u0131 oldu\u011funu s\u00f6yledi. Ba\u015fkan Serkan Sak, &#8220;Yaylabay\u0131rl\u0131 vatanda\u015flar\u0131m\u0131z Hanya\u2019ya, Kobaklar\u2019a, G\u00fcne\u015fli\u2019ye, Evciler mahallelerine Demirci \u00fczerinden gidiyordu. Ba\u015fkanlar\u0131m sayesinde yollar\u0131 yar\u0131 yar\u0131ya k\u0131sald\u0131. G\u00f6rdes buradan Yaylabay\u0131r\u2019a 30 kilometre. Yaylabay\u0131r-Demirci aras\u0131 33 kilometreye d\u00fc\u015ft\u00fc. Hizmet a\u015fk\u0131yla yanan belediye ba\u015fkanlar\u0131m\u0131z sayesinde vatanda\u015flar\u0131m\u0131z hizmet g\u00f6rmeye ba\u015flad\u0131. Se\u00e7imden \u00f6nce s\u00f6z vermi\u015ftik, Yaylabay\u0131rl\u0131 vatanda\u015flar hizmet g\u00f6recek demi\u015ftik, Yaylabay\u0131r hakk\u0131n\u0131 ald\u0131.&#8221; dedi.<\/p>\n<p>&#8220;Dayan\u0131\u015fmayla, birliktelikle a\u015famayaca\u011f\u0131m\u0131z hi\u00e7bir sorun yok&#8221;<br \/>\n<br \/>S\u0131nd\u0131rg\u0131 Belediye Ba\u015fkan\u0131 Serkan Sak ile \u00e7ok g\u00fczel bir uyum sa\u011flad\u0131klar\u0131n\u0131 vurgulayan G\u00f6rdes Belediye Ba\u015fkan\u0131 \u0130brahim B\u00fcke ise, &#8220;S\u0131nd\u0131rg\u0131 ve G\u00f6rdes birbirine s\u0131rt\u0131n\u0131 dayam\u0131\u015f ama k\u00fcslerdi. Biz bu k\u00fcsl\u00fc\u011f\u00fc bitirmeye ant i\u00e7tik. \u015eimdi de bunun meyvelerini yiyoruz. Altyap\u0131s\u0131n\u0131 G\u00f6rdes Belediyesi olarak biz \u00fcstlendik. \u00dcst yap\u0131s\u0131n\u0131 Manisa B\u00fcy\u00fck\u015fehir Belediyesi \u00fcstlendi. Ayn\u0131 \u015fekilde Bal\u0131kesir B\u00fcy\u00fck\u015fehir Belediyesi ve S\u0131nd\u0131rg\u0131 Belediyesi de birle\u015ferek \u00e7ok g\u00fczel bir hizmet oldu. Dayan\u0131\u015fmayla, birliktelikle a\u015famayaca\u011f\u0131m\u0131z hi\u00e7bir sorun yok&#8221; diye konu\u015ftu.<\/p>\n<p>&#8220;Daha g\u00fczel i\u015fler yapaca\u011f\u0131z&#8221;<br \/>\n<br \/>A\u00e7\u0131l\u0131\u015f t\u00f6reninde konu\u015fan CHP Bal\u0131kesir Milletvekili Serkan Sar\u0131, &#8220;Belediye ba\u015fkanlar\u0131m\u0131za kazand\u0131rm\u0131\u015f olduklar\u0131 bu g\u00fczel yol i\u00e7in \u00e7ok te\u015fekk\u00fcr ediyorum. G\u00fczel y\u00fcrekli belediye ba\u015fkanlar\u0131 inand\u0131klar\u0131 bu yolda dayan\u0131\u015fma ile bir bir sorunlar\u0131 \u00e7\u00f6z\u00fcyorlar. \u0130\u015fte bunun hayat bulmu\u015f halini hep birlikte burada g\u00f6r\u00fcyoruz. Daha g\u00fczel i\u015fler yapaca\u011f\u0131z. Bu hizmetleri sizlerle bulu\u015fturan belediye ba\u015fkanlar\u0131m\u0131za ve emek\u00e7ilerimize \u00e7ok te\u015fekk\u00fcr ediyorum&#8221; ifadelerini kulland\u0131.<\/p>\n<p>&#8220;Bizde ayr\u0131m yok, ayr\u0131 gayr\u0131 yok&#8221;<br \/>\n<br \/>Yolun hay\u0131rl\u0131 olmas\u0131n\u0131 dileyen Manisa B\u00fcy\u00fck\u015fehir Belediye Ba\u015fkan\u0131 Besim Dutlulu ise, &#8220;Bizde ayr\u0131m yok, ayr\u0131 gayr\u0131 yok. Ayn\u0131 hedefe odakland\u0131k; o da vatanda\u015flar\u0131m\u0131z\u0131 en iyi belediyecilik hizmetleriyle bulu\u015fturmak. Bu yolda kararl\u0131l\u0131kla ilerliyoruz, \u00e7\u00fcnk\u00fc biz halk\u0131m\u0131za hizmet s\u00f6z\u00fc verdik. Verdi\u011fimiz s\u00f6zleri yerine getirmenin gururunu ya\u015f\u0131yoruz. B\u00fcy\u00fck\u015fehir ve il\u00e7e belediyeleri el ele vererek, omuz omuza \u00e7al\u0131\u015f\u0131yoruz. Bug\u00fcn geldi\u011fimiz noktada bu birliktelik sayesinde hedefimizi bir ad\u0131m daha ileri ta\u015f\u0131d\u0131k. \u0130ki b\u00fcy\u00fck\u015fehir belediyesi ve iki il\u00e7e belediyesi olarak, y\u0131llard\u0131r s\u00fcregelen bir sorunu \u00e7\u00f6z\u00fcme kavu\u015fturman\u0131n gururunu ya\u015f\u0131yoruz. T\u00fcm halk\u0131m\u0131za hay\u0131rl\u0131, u\u011furlu olsun&#8221; dedi.<\/p>\n<p>&#8220;Tek hedefimiz halka hizmet&#8221;<br \/>\n<br \/>Sadece il\u00e7e belediyeleriyle de\u011fil, b\u00fcy\u00fck\u015fehir belediyeleriyle de uyum ve i\u015f birli\u011fi i\u00e7inde \u00e7al\u0131\u015ft\u0131klar\u0131n\u0131 vurgulayan Manisa B\u00fcy\u00fck\u015fehir Belediye Ba\u015fkan\u0131 Besim Dutlulu, konu\u015fmas\u0131nda \u015fu ifadelere yer verdi: &#8220;Bizim tek bir amac\u0131m\u0131z var; Vatanda\u015f\u0131m\u0131za en iyi \u015fekilde nas\u0131l hizmet ederiz, onun derdindeyiz. Daha fazla yol nas\u0131l yapar\u0131z? Daha fazla park\u0131 halk\u0131m\u0131zla nas\u0131l bulu\u015ftururuz? Daha \u00e7ok Kent Lokantas\u0131\u2019n\u0131 nas\u0131l a\u00e7ar\u0131z? Biz, halk\u0131m\u0131z i\u00e7in \u00e7al\u0131\u015f\u0131yor, onlar i\u00e7in m\u00fccadele ediyoruz. Ayn\u0131 anlay\u0131\u015fla \u00e7al\u0131\u015fmaya da kararl\u0131l\u0131kla devam edece\u011fiz. \u00c7ok g\u00fczel hizmetler yapaca\u011f\u0131z. Bal\u0131kesir B\u00fcy\u00fck\u015fehir Belediye Ba\u015fkan\u0131m\u0131za, G\u00f6rdes ve S\u0131nd\u0131rg\u0131 Belediye Ba\u015fkanlar\u0131m\u0131za, yolun yap\u0131m\u0131nda \u00e7al\u0131\u015fan t\u00fcm emek\u00e7ilere ve de\u011ferli muhtarlar\u0131m\u0131za g\u00f6n\u00fclden te\u015fekk\u00fcr ediyorum. Allah kazas\u0131z belas\u0131z kullanmay\u0131 nasip etsin.&#8221;<\/p>\n<p>&#8220;Birlik, beraberlik olunca her \u015fey \u00e7ok g\u00fczel oluyor&#8221;<br \/>\n<br \/>Yolun hem Bal\u0131kesir\u2019de hem de Manisa\u2019da vatanda\u015flar\u0131n \u00e7ilesi haline geldi\u011fini s\u00f6yleyen Bal\u0131kesir B\u00fcy\u00fck\u015fehir Belediye Ba\u015fkan\u0131 Ahmet Ak\u0131n, &#8220;Bunu daha \u00f6ncesinde de dile getirdiler. Ancak bir t\u00fcrl\u00fc nasip olmad\u0131. \u015eimdi bunu hayata ge\u00e7irdik. Ger\u00e7ekten \u00e7ok mutluyum. Hem Manisa B\u00fcy\u00fck\u015fehir Belediyemiz hem biz, hem S\u0131nd\u0131rg\u0131\u2019m\u0131z hem de G\u00f6rdes Belediyemiz tam bir i\u015f birli\u011fi ortaya koydu. Birlik olunca, beraberlik olunca her \u015fey \u00e7ok g\u00fczel oluyor.&#8221; dedi.<br \/>\n<br \/>Yap\u0131lan konu\u015fmalar\u0131n ard\u0131ndan kurdele kesimi ile yol trafi\u011fe a\u00e7\u0131ld\u0131. Yoldaki ilk s\u00fcr\u00fc\u015f\u00fc ise Manisa B\u00fcy\u00fck\u015fehir Belediye Ba\u015fkan\u0131n\u0131n direksiyonuna ge\u00e7ti\u011fi ara\u00e7ta 4 belediye ba\u015fkan\u0131 birlikte yapt\u0131.<br \/><\/p>\n","protected":false},"excerpt":{"rendered":"<p>Manisa\u2019n\u0131n G\u00f6rdes il\u00e7esi ile Bal\u0131kesir\u2019in S\u0131nd\u0131rg\u0131 il\u00e7esini birbirine ba\u011flayan yol, d\u00f6rt belediyenin ortak \u00e7al\u0131\u015fmas\u0131 ile yenilendi. El ele ger\u00e7ekle\u015ftirilen \u00e7al\u0131\u015fmayla b\u00f6lgede y\u0131llar\u0131n sorunu \u00e7\u00f6z\u00fcld\u00fc. A\u00e7\u0131l\u0131\u015f t\u00f6reninde konu\u015fan Manisa B\u00fcy\u00fck\u015fehir Belediye Ba\u015fkan\u0131 Besim Dutlulu ve Bal\u0131kesir B\u00fcy\u00fck\u015fehir Belediye Ba\u015fkan\u0131 Ahmet Ak\u0131n, birlik ve beraberli\u011fe vurgu yapt\u0131. G\u00f6rdes\u2019e ba\u011fl\u0131 Kobaklar Mahallesi ile S\u0131nd\u0131rg\u0131\u2019ya ba\u011fl\u0131 Yaylabay\u0131r Mahallesi aras\u0131nda&#8230;<\/p>\n","protected":false},"author":1,"featured_media":56836,"comment_status":"open","ping_status":"open","sticky":false,"template":"","format":"standard","meta":{"_crdt_document":"","footnotes":""},"categories":[125],"tags":[],"class_list":["post-56835","post","type-post","status-publish","format-standard","has-post-thumbnail","hentry","category-ekonomi"],"_links":{"self":[{"href":"https:\/\/www.egemtv.com\/index.php?rest_route=\/wp\/v2\/posts\/56835","targetHints":{"allow":["GET"]}}],"collection":[{"href":"https:\/\/www.egemtv.com\/index.php?rest_route=\/wp\/v2\/posts"}],"about":[{"href":"https:\/\/www.egemtv.com\/index.php?rest_route=\/wp\/v2\/types\/post"}],"author":[{"embeddable":true,"href":"https:\/\/www.egemtv.com\/index.php?rest_route=\/wp\/v2\/users\/1"}],"replies":[{"embeddable":true,"href":"https:\/\/www.egemtv.com\/index.php?rest_route=%2Fwp%2Fv2%2Fcomments&post=56835"}],"version-history":[{"count":1,"href":"https:\/\/www.egemtv.com\/index.php?rest_route=\/wp\/v2\/posts\/56835\/revisions"}],"predecessor-version":[{"id":56837,"href":"https:\/\/www.egemtv.com\/index.php?rest_route=\/wp\/v2\/posts\/56835\/revisions\/56837"}],"wp:featuredmedia":[{"embeddable":true,"href":"https:\/\/www.egemtv.com\/index.php?rest_route=\/wp\/v2\/media\/56836"}],"wp:attachment":[{"href":"https:\/\/www.egemtv.com\/index.php?rest_route=%2Fwp%2Fv2%2Fmedia&parent=56835"}],"wp:term":[{"taxonomy":"category","embeddable":true,"href":"https:\/\/www.egemtv.com\/index.php?rest_route=%2Fwp%2Fv2%2Fcategories&post=56835"},{"taxonomy":"post_tag","embeddable":true,"href":"https:\/\/www.egemtv.com\/index.php?rest_route=%2Fwp%2Fv2%2Ftags&post=56835"}],"curies":[{"name":"wp","href":"https:\/\/api.w.org\/{rel}","templated":true}]}}