{"id":56832,"date":"2025-09-23T15:54:50","date_gmt":"2025-09-23T12:54:50","guid":{"rendered":"https:\/\/www.egemtv.com\/?p=56832"},"modified":"2025-09-23T15:54:51","modified_gmt":"2025-09-23T12:54:51","slug":"milas-bogazicine-150-bin-cipura-ve-10-bin-levrek-yavrusu-birakildi","status":"publish","type":"post","link":"https:\/\/www.egemtv.com\/?p=56832","title":{"rendered":"Milas Bo\u011fazi\u00e7i\u2019ne 150 bin \u00e7ipura ve 10 bin levrek yavrusu b\u0131rak\u0131ld\u0131"},"content":{"rendered":"<p>Mu\u011fla \u0130l Tar\u0131m ve Orman M\u00fcd\u00fcrl\u00fc\u011f\u00fc taraf\u0131ndan &#8220;Su Kaynaklar\u0131n\u0131n Bal\u0131kland\u0131r\u0131lmas\u0131 Projesi&#8221; kapsam\u0131nda Milas il\u00e7esi Bo\u011fazi\u00e7i Mahallesi\u2019nde bal\u0131kland\u0131rma etkinli\u011fi ger\u00e7ekle\u015ftirildi. Etkinlikte 150 bin \u00e7ipura ve 10 bin levrek yavrusu \u00f6\u011frencilerle birlikte denizle bulu\u015fturuldu.<br \/>\n<br \/>Tar\u0131m ve Orman Bakanl\u0131\u011f\u0131 Bal\u0131k\u00e7\u0131l\u0131k ve Su \u00dcr\u00fcnleri Genel M\u00fcd\u00fcrl\u00fc\u011f\u00fc taraf\u0131ndan 2016 y\u0131l\u0131nda ba\u015flat\u0131lan proje ile nesli tehlike alt\u0131nda olan t\u00fcrlerin desteklenmesi, zarar g\u00f6ren su \u00fcr\u00fcnleri stoklar\u0131n\u0131n takviyesi ve bilimsel temelli bal\u0131kland\u0131rma \u00e7al\u0131\u015fmalar\u0131 y\u00fcr\u00fct\u00fcl\u00fcyor.<br \/>\n<br \/>Milas Kaymakam\u0131 Mustafa \u00dcnver B\u00f6ke, Mu\u011fla \u0130l Tar\u0131m ve Orman M\u00fcd\u00fcrl\u00fc\u011f\u00fc taraf\u0131ndan y\u00fcr\u00fct\u00fclen \u00e7al\u0131\u015fmalar\u0131n \u00f6nemine de\u011finerek, sucul ya\u015fam\u0131n korunmas\u0131 ad\u0131na, geni\u015f k\u0131y\u0131 \u015feridine sahip Milas \u0130l\u00e7esinde Bal\u0131k\u00e7\u0131l\u0131k ve su \u00fcr\u00fcnleri \u00fcretimi i\u00e7in yap\u0131lan t\u00fcm \u00e7al\u0131\u015fmalar\u0131 takdirle kar\u015f\u0131lad\u0131klar\u0131n\u0131 belirtti. Y\u00fcr\u00fct\u00fclen \u00e7al\u0131\u015fmalardan dolay\u0131 \u0130l Tar\u0131m ve Orman M\u00fcd\u00fcrl\u00fc\u011f\u00fcne te\u015fekk\u00fcr etti.<br \/>\n<br \/>2025 y\u0131l\u0131 i\u00e7erisinde Mu\u011fla genelinde toplam 450 bin yavru bal\u0131k do\u011fal ya\u015fam alanlar\u0131na b\u0131rak\u0131ld\u0131. Mu\u011fla Tar\u0131m ve Orman \u0130l M\u00fcd\u00fcr\u00fc Seyfettin Baydar konu\u015fmas\u0131nda, 2025 y\u0131l\u0131nda y\u00fcr\u00fct\u00fclen \u00e7al\u0131\u015fmalar hakk\u0131nda bilgi verdi. Baydar, proje kapsam\u0131nda bu y\u0131l aile y\u0131l\u0131 etkinli\u011finde S\u00fcl\u00fcng\u00fcr G\u00f6l\u00fc\u2019ne 10 bin levrek, \u00c7evre Haftas\u0131\u2019nda G\u00f6cek K\u00f6rfezi\u2019ne dip temizli\u011fi ile birlikte 5 bin levrek ve 15 bin \u00e7ipura, K\u00f6yce\u011fiz Akk\u00f6pr\u00fc Baraj G\u00f6l\u00fc\u2019ne 180 bin, Mente\u015fe Koza\u011fa\u00e7 G\u00f6leti\u2019ne 7 bin, Ula Ak\u00e7adere G\u00f6leti\u2019ne 7 bin ve Ula Belediye G\u00f6leti\u2019ne 11 bin olmak \u00fczere toplam 205 bin sazan, Akyaka Kad\u0131n Azma\u011f\u0131\u2019na 35 bin levrek, Su \u00dcr\u00fcnleri Av Sezonu a\u00e7\u0131l\u0131\u015f\u0131nda G\u00fcll\u00fck K\u00f6rfezi\u2019ne 10 bin levrek ve 10 bin \u00e7ipura yavrusu b\u0131rak\u0131ld\u0131\u011f\u0131n\u0131 belirtti.<br \/>\n<br \/>Bal\u0131kland\u0131rma \u00e7al\u0131\u015fmalar\u0131nda kullan\u0131lan yavrular\u0131n, Enstit\u00fc veya \u00f6zel sekt\u00f6r taraf\u0131ndan bedelsiz olarak temin edildi\u011fini vurgulayan Baydar, \u015funlar\u0131 kaydetti:<br \/>\n<br \/>&#8220;Bug\u00fcn Milas Bo\u011fazi\u00e7i\u2019nde 150 bin \u00e7ipura ve 10 bin levrek yavrusunu Bo\u011fazi\u00e7i \u0130lkokulu \u00f6\u011frencilerimizle birlikte denizle bulu\u015fturduk. \u00c7ocuklar\u0131m\u0131zla bu etkinli\u011fi yapmay\u0131 tercih etmemizin ba\u015fl\u0131ca nedeni, onlarda do\u011fa sevgisi ve \u00e7evre bilincini geli\u015ftirmektir. 2025 y\u0131l\u0131nda 9 farkl\u0131 lokasyonda toplam 450 bin yavru bal\u0131k sular\u0131m\u0131za b\u0131rak\u0131ld\u0131. 2024 y\u0131l\u0131nda 7 lokasyonda 410 bin, 2023 y\u0131l\u0131nda ise 9 lokasyonda 478 bin 300 yavru sal\u0131m\u0131 ger\u00e7ekle\u015ftirilmi\u015ftir&#8221;<br \/>\n<br \/>Baydar, ihtiya\u00e7 duyulan su kaynaklar\u0131n\u0131n belirlenmesiyle bal\u0131kland\u0131rma \u00e7al\u0131\u015fmalar\u0131n\u0131n h\u0131z kesmeden devam edece\u011fini ifade ederek konu\u015fmas\u0131n\u0131 tamamlad\u0131.<br \/>\n<br \/>Milas- Bodrum Su \u00dcr\u00fcnleri Yeti\u015ftiricileri ve \u00dcreticileri Birli\u011fi taraf\u0131ndan ger\u00e7ekle\u015ftirilen bal\u0131k ekmek ikram\u0131n\u0131n ard\u0131ndan etkinlik son buldu.<br \/><\/p>\n","protected":false},"excerpt":{"rendered":"<p>Mu\u011fla \u0130l Tar\u0131m ve Orman M\u00fcd\u00fcrl\u00fc\u011f\u00fc taraf\u0131ndan &#8220;Su Kaynaklar\u0131n\u0131n Bal\u0131kland\u0131r\u0131lmas\u0131 Projesi&#8221; kapsam\u0131nda Milas il\u00e7esi Bo\u011fazi\u00e7i Mahallesi\u2019nde bal\u0131kland\u0131rma etkinli\u011fi ger\u00e7ekle\u015ftirildi. Etkinlikte 150 bin \u00e7ipura ve 10 bin levrek yavrusu \u00f6\u011frencilerle birlikte denizle bulu\u015fturuldu. Tar\u0131m ve Orman Bakanl\u0131\u011f\u0131 Bal\u0131k\u00e7\u0131l\u0131k ve Su \u00dcr\u00fcnleri Genel M\u00fcd\u00fcrl\u00fc\u011f\u00fc taraf\u0131ndan 2016 y\u0131l\u0131nda ba\u015flat\u0131lan proje ile nesli tehlike alt\u0131nda olan t\u00fcrlerin desteklenmesi, zarar&#8230;<\/p>\n","protected":false},"author":1,"featured_media":56833,"comment_status":"open","ping_status":"open","sticky":false,"template":"","format":"standard","meta":{"_crdt_document":"","footnotes":""},"categories":[125],"tags":[],"class_list":["post-56832","post","type-post","status-publish","format-standard","has-post-thumbnail","hentry","category-ekonomi"],"_links":{"self":[{"href":"https:\/\/www.egemtv.com\/index.php?rest_route=\/wp\/v2\/posts\/56832","targetHints":{"allow":["GET"]}}],"collection":[{"href":"https:\/\/www.egemtv.com\/index.php?rest_route=\/wp\/v2\/posts"}],"about":[{"href":"https:\/\/www.egemtv.com\/index.php?rest_route=\/wp\/v2\/types\/post"}],"author":[{"embeddable":true,"href":"https:\/\/www.egemtv.com\/index.php?rest_route=\/wp\/v2\/users\/1"}],"replies":[{"embeddable":true,"href":"https:\/\/www.egemtv.com\/index.php?rest_route=%2Fwp%2Fv2%2Fcomments&post=56832"}],"version-history":[{"count":1,"href":"https:\/\/www.egemtv.com\/index.php?rest_route=\/wp\/v2\/posts\/56832\/revisions"}],"predecessor-version":[{"id":56834,"href":"https:\/\/www.egemtv.com\/index.php?rest_route=\/wp\/v2\/posts\/56832\/revisions\/56834"}],"wp:featuredmedia":[{"embeddable":true,"href":"https:\/\/www.egemtv.com\/index.php?rest_route=\/wp\/v2\/media\/56833"}],"wp:attachment":[{"href":"https:\/\/www.egemtv.com\/index.php?rest_route=%2Fwp%2Fv2%2Fmedia&parent=56832"}],"wp:term":[{"taxonomy":"category","embeddable":true,"href":"https:\/\/www.egemtv.com\/index.php?rest_route=%2Fwp%2Fv2%2Fcategories&post=56832"},{"taxonomy":"post_tag","embeddable":true,"href":"https:\/\/www.egemtv.com\/index.php?rest_route=%2Fwp%2Fv2%2Ftags&post=56832"}],"curies":[{"name":"wp","href":"https:\/\/api.w.org\/{rel}","templated":true}]}}