{"id":56829,"date":"2025-09-23T15:54:49","date_gmt":"2025-09-23T12:54:49","guid":{"rendered":"https:\/\/www.egemtv.com\/?p=56829"},"modified":"2025-09-23T15:54:50","modified_gmt":"2025-09-23T12:54:50","slug":"izmirde-13-yil-hapis-cezasiyla-aranan-hirsiz-yakalandi","status":"publish","type":"post","link":"https:\/\/www.egemtv.com\/?p=56829","title":{"rendered":"\u0130zmir\u2019de 13 y\u0131l hapis cezas\u0131yla aranan h\u0131rs\u0131z yakaland\u0131"},"content":{"rendered":"<p>\u0130zmir\u2019in Konak il\u00e7esinde \u00fc\u00e7 ayr\u0131 dosyadan toplam 13 y\u0131l 4 ay 12 g\u00fcn kesinle\u015fmi\u015f hapis cezas\u0131yla aranan firari h\u0131rs\u0131z, polis ekipleri taraf\u0131ndan yakaland\u0131.<br \/>\n<br \/>Konak \u0130l\u00e7e Emniyet M\u00fcd\u00fcrl\u00fc\u011f\u00fc Devriye Ekipler Amirli\u011fi ekipleri, d\u00fcn ak\u015fam saatlerinde durumundan \u015f\u00fcphelendikleri \u015fahs\u0131 durdurdu. \u015e\u00fcphelinin \u2019h\u0131rs\u0131zl\u0131k ve silahl\u0131 ya\u011fma\u2019 su\u00e7lar\u0131ndan, \u00fc\u00e7 ayr\u0131 dosyadan toplam 13 y\u0131l 4 ay 12 g\u00fcn kesinle\u015fmi\u015f hapis cezas\u0131yla aranan O.B. (23) oldu\u011fu belirlendi.<br \/>\n<br \/>Ekipler taraf\u0131ndan g\u00f6zalt\u0131na al\u0131nan O.B., emniyetteki i\u015flemlerin ard\u0131ndan cezaevine teslim edildi.<br \/><\/p>\n","protected":false},"excerpt":{"rendered":"<p>\u0130zmir\u2019in Konak il\u00e7esinde \u00fc\u00e7 ayr\u0131 dosyadan toplam 13 y\u0131l 4 ay 12 g\u00fcn kesinle\u015fmi\u015f hapis cezas\u0131yla aranan firari h\u0131rs\u0131z, polis ekipleri taraf\u0131ndan yakaland\u0131. Konak \u0130l\u00e7e Emniyet M\u00fcd\u00fcrl\u00fc\u011f\u00fc Devriye Ekipler Amirli\u011fi ekipleri, d\u00fcn ak\u015fam saatlerinde durumundan \u015f\u00fcphelendikleri \u015fahs\u0131 durdurdu. \u015e\u00fcphelinin \u2019h\u0131rs\u0131zl\u0131k ve silahl\u0131 ya\u011fma\u2019 su\u00e7lar\u0131ndan, \u00fc\u00e7 ayr\u0131 dosyadan toplam 13 y\u0131l 4 ay 12 g\u00fcn kesinle\u015fmi\u015f&#8230;<\/p>\n","protected":false},"author":1,"featured_media":56830,"comment_status":"open","ping_status":"open","sticky":false,"template":"","format":"standard","meta":{"_crdt_document":"","footnotes":""},"categories":[5],"tags":[],"class_list":["post-56829","post","type-post","status-publish","format-standard","has-post-thumbnail","hentry","category-asayis"],"_links":{"self":[{"href":"https:\/\/www.egemtv.com\/index.php?rest_route=\/wp\/v2\/posts\/56829","targetHints":{"allow":["GET"]}}],"collection":[{"href":"https:\/\/www.egemtv.com\/index.php?rest_route=\/wp\/v2\/posts"}],"about":[{"href":"https:\/\/www.egemtv.com\/index.php?rest_route=\/wp\/v2\/types\/post"}],"author":[{"embeddable":true,"href":"https:\/\/www.egemtv.com\/index.php?rest_route=\/wp\/v2\/users\/1"}],"replies":[{"embeddable":true,"href":"https:\/\/www.egemtv.com\/index.php?rest_route=%2Fwp%2Fv2%2Fcomments&post=56829"}],"version-history":[{"count":1,"href":"https:\/\/www.egemtv.com\/index.php?rest_route=\/wp\/v2\/posts\/56829\/revisions"}],"predecessor-version":[{"id":56831,"href":"https:\/\/www.egemtv.com\/index.php?rest_route=\/wp\/v2\/posts\/56829\/revisions\/56831"}],"wp:featuredmedia":[{"embeddable":true,"href":"https:\/\/www.egemtv.com\/index.php?rest_route=\/wp\/v2\/media\/56830"}],"wp:attachment":[{"href":"https:\/\/www.egemtv.com\/index.php?rest_route=%2Fwp%2Fv2%2Fmedia&parent=56829"}],"wp:term":[{"taxonomy":"category","embeddable":true,"href":"https:\/\/www.egemtv.com\/index.php?rest_route=%2Fwp%2Fv2%2Fcategories&post=56829"},{"taxonomy":"post_tag","embeddable":true,"href":"https:\/\/www.egemtv.com\/index.php?rest_route=%2Fwp%2Fv2%2Ftags&post=56829"}],"curies":[{"name":"wp","href":"https:\/\/api.w.org\/{rel}","templated":true}]}}