{"id":56826,"date":"2025-09-23T15:35:48","date_gmt":"2025-09-23T12:35:48","guid":{"rendered":"https:\/\/www.egemtv.com\/?p=56826"},"modified":"2025-09-23T15:35:49","modified_gmt":"2025-09-23T12:35:49","slug":"cesmede-32-kacak-gocmen-sahilde-yakalandi","status":"publish","type":"post","link":"https:\/\/www.egemtv.com\/?p=56826","title":{"rendered":"\u00c7e\u015fme\u2019de 32 ka\u00e7ak g\u00f6\u00e7men sahilde yakaland\u0131"},"content":{"rendered":"<p>\u0130zmir\u2019in \u00c7e\u015fme il\u00e7esinden yasa d\u0131\u015f\u0131 yollarla yurt d\u0131\u015f\u0131na \u00e7\u0131kmak isteyen Afganistan uyruklu 32 d\u00fczensiz g\u00f6\u00e7men, deniz polisi ekipleri taraf\u0131ndan yakaland\u0131.<br \/>\n<br \/>D\u00fcn ak\u015fam saat 20.00 s\u0131ralar\u0131nda \u00c7e\u015fme Ala\u00e7at\u0131\u2019da bulunan bir otelin arkas\u0131ndaki k\u0131rsal alandan denize g\u00f6\u00e7men \u00e7\u0131kar\u0131ld\u0131\u011f\u0131 ihbar\u0131 alan \u00c7e\u015fme Deniz Liman\u0131 \u015eube M\u00fcd\u00fcrl\u00fc\u011f\u00fc Gemi Adamlar\u0131 ve Seyir Hizmetleri B\u00fcro Amirli\u011fi ekipleri, \u00e7al\u0131\u015fma ba\u015flatt\u0131. B\u00f6lgeye gelen \u0130l\u00e7e Jandarma ve Sahil G\u00fcvenlik ekipleri ile polis, k\u0131y\u0131ya yak\u0131n bir noktada ve k\u0131rsal alanda toplam 32 Afgan erkek, kad\u0131n ve \u00e7ocu\u011fu tespit etti. G\u00f6\u00e7menler, bot ile birlikte g\u00fcvenlik g\u00fc\u00e7lerince muhafaza alt\u0131na al\u0131narak Ala\u00e7at\u0131 Polis Merkezi Amirli\u011fi\u2019ne sevk edildi.<br \/>\n<br \/>Yakalanan d\u00fczensiz g\u00f6\u00e7menler, i\u015flemlerinin ard\u0131ndan \u0130l G\u00f6\u00e7 \u0130daresi M\u00fcd\u00fcrl\u00fc\u011f\u00fc Geri G\u00f6nderme Merkezine sevk edildi.<br \/><\/p>\n","protected":false},"excerpt":{"rendered":"<p>\u0130zmir\u2019in \u00c7e\u015fme il\u00e7esinden yasa d\u0131\u015f\u0131 yollarla yurt d\u0131\u015f\u0131na \u00e7\u0131kmak isteyen Afganistan uyruklu 32 d\u00fczensiz g\u00f6\u00e7men, deniz polisi ekipleri taraf\u0131ndan yakaland\u0131. D\u00fcn ak\u015fam saat 20.00 s\u0131ralar\u0131nda \u00c7e\u015fme Ala\u00e7at\u0131\u2019da bulunan bir otelin arkas\u0131ndaki k\u0131rsal alandan denize g\u00f6\u00e7men \u00e7\u0131kar\u0131ld\u0131\u011f\u0131 ihbar\u0131 alan \u00c7e\u015fme Deniz Liman\u0131 \u015eube M\u00fcd\u00fcrl\u00fc\u011f\u00fc Gemi Adamlar\u0131 ve Seyir Hizmetleri B\u00fcro Amirli\u011fi ekipleri, \u00e7al\u0131\u015fma ba\u015flatt\u0131. B\u00f6lgeye gelen&#8230;<\/p>\n","protected":false},"author":1,"featured_media":56827,"comment_status":"open","ping_status":"open","sticky":false,"template":"","format":"standard","meta":{"_crdt_document":"","footnotes":""},"categories":[5],"tags":[],"class_list":["post-56826","post","type-post","status-publish","format-standard","has-post-thumbnail","hentry","category-asayis"],"_links":{"self":[{"href":"https:\/\/www.egemtv.com\/index.php?rest_route=\/wp\/v2\/posts\/56826","targetHints":{"allow":["GET"]}}],"collection":[{"href":"https:\/\/www.egemtv.com\/index.php?rest_route=\/wp\/v2\/posts"}],"about":[{"href":"https:\/\/www.egemtv.com\/index.php?rest_route=\/wp\/v2\/types\/post"}],"author":[{"embeddable":true,"href":"https:\/\/www.egemtv.com\/index.php?rest_route=\/wp\/v2\/users\/1"}],"replies":[{"embeddable":true,"href":"https:\/\/www.egemtv.com\/index.php?rest_route=%2Fwp%2Fv2%2Fcomments&post=56826"}],"version-history":[{"count":1,"href":"https:\/\/www.egemtv.com\/index.php?rest_route=\/wp\/v2\/posts\/56826\/revisions"}],"predecessor-version":[{"id":56828,"href":"https:\/\/www.egemtv.com\/index.php?rest_route=\/wp\/v2\/posts\/56826\/revisions\/56828"}],"wp:featuredmedia":[{"embeddable":true,"href":"https:\/\/www.egemtv.com\/index.php?rest_route=\/wp\/v2\/media\/56827"}],"wp:attachment":[{"href":"https:\/\/www.egemtv.com\/index.php?rest_route=%2Fwp%2Fv2%2Fmedia&parent=56826"}],"wp:term":[{"taxonomy":"category","embeddable":true,"href":"https:\/\/www.egemtv.com\/index.php?rest_route=%2Fwp%2Fv2%2Fcategories&post=56826"},{"taxonomy":"post_tag","embeddable":true,"href":"https:\/\/www.egemtv.com\/index.php?rest_route=%2Fwp%2Fv2%2Ftags&post=56826"}],"curies":[{"name":"wp","href":"https:\/\/api.w.org\/{rel}","templated":true}]}}