{"id":56823,"date":"2025-09-23T15:35:47","date_gmt":"2025-09-23T12:35:47","guid":{"rendered":"https:\/\/www.egemtv.com\/?p=56823"},"modified":"2025-09-23T15:35:48","modified_gmt":"2025-09-23T12:35:48","slug":"hasan-ozcan-yasam-evi-acilisa-hazirlaniyor","status":"publish","type":"post","link":"https:\/\/www.egemtv.com\/?p=56823","title":{"rendered":"Hasan \u00d6zcan Ya\u015fam Evi a\u00e7\u0131l\u0131\u015fa haz\u0131rlan\u0131yor"},"content":{"rendered":"<p>Mu\u011fla B\u00fcy\u00fck\u015fehir Belediyesi sosyal belediyecilik anlay\u0131\u015f\u0131 do\u011frultusunda \u00f6nemli bir projeyi daha hayata ge\u00e7iriyor. B\u00fcy\u00fck\u015fehir Belediyesi ve \u0130zan Otelcilik Turizm \u015firketi aras\u0131nda imzalanan ba\u011f\u0131\u015f protokol\u00fc kapsam\u0131nda hayata ge\u00e7irilen Hasan \u00d6zcan Ya\u015fam Evi peyzaj ve ya\u015fam alanlar\u0131 d\u00fczenlemeleri bitti\u011finde hizmete a\u00e7\u0131lacak.<br \/>\n<br \/>M\u00fclkiyeti B\u00fcy\u00fck\u015fehir Belediyesi\u2019ne ait 2 bin 375 metrekare parsel alan\u0131 \u00fczerine in\u015fa edilen tesis, 50 oda ve 100 ki\u015fi kapasitesi ile hizmet verecek. Toplam 4 bin 500 metrekare kapal\u0131 alana sahip olan bak\u0131m evinde ya\u015f alm\u0131\u015f vatanda\u015flar\u0131n ihtiya\u00e7lar\u0131na uygun modern ya\u015fam alanlar\u0131 tasarland\u0131.<br \/>\n<br \/>4 Bin 500 metrekarelik modern tesis<br \/>\n<br \/>Yap\u0131 i\u00e7erisinde resim at\u00f6lyesi, konferans salonu, k\u00fct\u00fcphane, kat mutfaklar\u0131, \u00e7ama\u015f\u0131r, berber ve \u00fct\u00fc odalar\u0131 bulunurken; merkezi \u0131s\u0131tma-so\u011futma sistemi, 400 KVA jenerat\u00f6r ve hem\u015fire \u00e7a\u011fr\u0131 sistemiyle de konfor ve g\u00fcvenlik \u00f6n planda tutuldu. Ayr\u0131ca 7\/24 kay\u0131t yapan kamera sistemi ile yang\u0131n ihbar ve anons sistemleri tesis edilerek g\u00fcvenlik \u00fcst d\u00fczeyde sa\u011fland\u0131.<br \/>\n<br \/>Mu\u011fla B\u00fcy\u00fck\u015fehir Belediyesi Et\u00fct ve Projeler Dairesi Ba\u015fkanl\u0131\u011f\u0131nda \u0130n\u015faat M\u00fchendisi Fahrettin Boyac\u0131, &#8220;B\u00fcy\u00fck\u015fehir Belediyemiz ile \u0130zan Otelcili\u011fi aras\u0131nda imzalanan ba\u011f\u0131\u015f protokol\u00fc kapsam\u0131nda m\u00fclkiyete B\u00fcy\u00fck\u015fehir Belediyemize ait 2 bin 375 m parsel alan\u0131 \u00fczerine 50 oda, 100 ki\u015fi kapasiteli toplam in\u015faat alan\u0131 4 bin 500 m olan ya\u015fl\u0131 bak\u0131m evi in\u015faat\u0131m\u0131z tamamland\u0131. Yap\u0131 i\u00e7erisinde resim at\u00f6lyesi, konferans salonu, k\u00fct\u00fcphane gibi \u00e7e\u015fitli ya\u015fam alanlar\u0131 ile misafirlerimizin konforunu artt\u0131racak kat mutfaklar\u0131, \u00e7ama\u015f\u0131r ve \u00fct\u00fc odalar\u0131, merkezi \u0131s\u0131tma, so\u011futma sistemi, hem\u015fire \u00e7a\u011fr\u0131\u015f sistemi bulunuyor. Konuklar\u0131m\u0131z\u0131n g\u00fcvenli\u011fini sa\u011flamak amac\u0131yla 7 g\u00fcn 24 saat kay\u0131t yapan kamera sistemi, yang\u0131n ihbar ve anons sistemleri tesis edildi. Ayr\u0131ca peyzaj alan\u0131 i\u00e7erisinde misafirlerimizin dinlenebilece\u011fi alanlar ve kamelyalar\u0131m\u0131z bulunuyor. B\u00fcy\u00fck\u015fehir Belediye Ba\u015fkan\u0131m\u0131z Say\u0131n Ahmet Aras\u2019\u0131n ya\u015f alm\u0131\u015f vatanda\u015flar\u0131m\u0131za verdi\u011fi \u00f6nem do\u011frultusunda \u00e7al\u0131\u015fmalar\u0131m\u0131z devam ediyor&#8221; dedi.<br \/>\n<br \/>K\u0131y\u0131 Ege Belediyeler Birli\u011fi ve Mu\u011fla B\u00fcy\u00fck\u015fehir Belediye Ba\u015fkan\u0131 Ahmet Aras, ya\u015f alm\u0131\u015f b\u00fcy\u00fcklerin ba\u015f tac\u0131 oldu\u011funu belirterek, onlar\u0131n g\u00fcvenli, huzurlu ve sa\u011fl\u0131kl\u0131 bir ortamda ya\u015famalar\u0131n\u0131 \u00f6nemsediklerini, Hasan \u00d6zcan Ya\u015fam Evi, bu anlay\u0131\u015f\u0131n bir \u00fcr\u00fcn\u00fc olarak hayata ge\u00e7ti\u011fini a\u00e7\u0131klad\u0131.<br \/><\/p>\n","protected":false},"excerpt":{"rendered":"<p>Mu\u011fla B\u00fcy\u00fck\u015fehir Belediyesi sosyal belediyecilik anlay\u0131\u015f\u0131 do\u011frultusunda \u00f6nemli bir projeyi daha hayata ge\u00e7iriyor. B\u00fcy\u00fck\u015fehir Belediyesi ve \u0130zan Otelcilik Turizm \u015firketi aras\u0131nda imzalanan ba\u011f\u0131\u015f protokol\u00fc kapsam\u0131nda hayata ge\u00e7irilen Hasan \u00d6zcan Ya\u015fam Evi peyzaj ve ya\u015fam alanlar\u0131 d\u00fczenlemeleri bitti\u011finde hizmete a\u00e7\u0131lacak. M\u00fclkiyeti B\u00fcy\u00fck\u015fehir Belediyesi\u2019ne ait 2 bin 375 metrekare parsel alan\u0131 \u00fczerine in\u015fa edilen tesis, 50 oda&#8230;<\/p>\n","protected":false},"author":1,"featured_media":56824,"comment_status":"open","ping_status":"open","sticky":false,"template":"","format":"standard","meta":{"_crdt_document":"","footnotes":""},"categories":[123],"tags":[],"class_list":["post-56823","post","type-post","status-publish","format-standard","has-post-thumbnail","hentry","category-gundem"],"_links":{"self":[{"href":"https:\/\/www.egemtv.com\/index.php?rest_route=\/wp\/v2\/posts\/56823","targetHints":{"allow":["GET"]}}],"collection":[{"href":"https:\/\/www.egemtv.com\/index.php?rest_route=\/wp\/v2\/posts"}],"about":[{"href":"https:\/\/www.egemtv.com\/index.php?rest_route=\/wp\/v2\/types\/post"}],"author":[{"embeddable":true,"href":"https:\/\/www.egemtv.com\/index.php?rest_route=\/wp\/v2\/users\/1"}],"replies":[{"embeddable":true,"href":"https:\/\/www.egemtv.com\/index.php?rest_route=%2Fwp%2Fv2%2Fcomments&post=56823"}],"version-history":[{"count":1,"href":"https:\/\/www.egemtv.com\/index.php?rest_route=\/wp\/v2\/posts\/56823\/revisions"}],"predecessor-version":[{"id":56825,"href":"https:\/\/www.egemtv.com\/index.php?rest_route=\/wp\/v2\/posts\/56823\/revisions\/56825"}],"wp:featuredmedia":[{"embeddable":true,"href":"https:\/\/www.egemtv.com\/index.php?rest_route=\/wp\/v2\/media\/56824"}],"wp:attachment":[{"href":"https:\/\/www.egemtv.com\/index.php?rest_route=%2Fwp%2Fv2%2Fmedia&parent=56823"}],"wp:term":[{"taxonomy":"category","embeddable":true,"href":"https:\/\/www.egemtv.com\/index.php?rest_route=%2Fwp%2Fv2%2Fcategories&post=56823"},{"taxonomy":"post_tag","embeddable":true,"href":"https:\/\/www.egemtv.com\/index.php?rest_route=%2Fwp%2Fv2%2Ftags&post=56823"}],"curies":[{"name":"wp","href":"https:\/\/api.w.org\/{rel}","templated":true}]}}