{"id":56820,"date":"2025-09-23T15:35:46","date_gmt":"2025-09-23T12:35:46","guid":{"rendered":"https:\/\/www.egemtv.com\/?p=56820"},"modified":"2025-09-23T15:35:47","modified_gmt":"2025-09-23T12:35:47","slug":"denizli-dogal-tas-sektoru-dunyaya-tanitiliyor","status":"publish","type":"post","link":"https:\/\/www.egemtv.com\/?p=56820","title":{"rendered":"Denizli do\u011fal ta\u015f sekt\u00f6r\u00fc d\u00fcnyaya tan\u0131t\u0131l\u0131yor"},"content":{"rendered":"<p>Denizli do\u011fal ta\u015f sekt\u00f6r\u00fc, d\u00fcnyan\u0131n en prestijli do\u011fal ta\u015f etkinliklerinden biri olan ve k\u00fcresel do\u011fal ta\u015f end\u00fcstrisinin bulu\u015fma noktas\u0131 haline gelen Marmomac Fuar\u0131nda tan\u0131t\u0131l\u0131yor.<\/p>\n<p>DEN\u0130B olarak hem fuara kat\u0131l\u0131m sa\u011flayan \u00fcyelere destek olduklar\u0131n\u0131 hem de fuara ziyaret\u00e7i olarak gelen firmalar i\u00e7in info stantta toplant\u0131 ve g\u00f6r\u00fc\u015fme imkan\u0131 sunduklar\u0131n\u0131 belirten DEN\u0130B Ba\u015fkan\u0131 H\u00fcseyin Memi\u015fo\u011flu, &#8220;Bu y\u0131l fuara \u00fclkemizden 136 firma kat\u0131l\u0131m sa\u011fl\u0131yor. \u0130limizin do\u011fal ta\u015f sekt\u00f6r\u00fcn\u00fc ise 23 Denizlili firma temsil ediyor. Bu firmalardan 3\u2019\u00fc mermer makineleri \u00fcretimi alan\u0131nda da faaliyet g\u00f6steriyor. Denizli ihracat\u0131nda maden sekt\u00f6r\u00fcn\u00fcn pay\u0131 y\u00fczde 6 seviyelerinde. Ge\u00e7ti\u011fimiz y\u0131l 262 milyon dolarl\u0131k do\u011fal ta\u015f ihracat\u0131na imza att\u0131k. En dikkat \u00e7ekici nokta ise ihracat\u0131m\u0131z\u0131n y\u00fczde 90\u2019\u0131n\u0131n i\u015flenmi\u015f \u00fcr\u00fcnlerden olu\u015fmas\u0131. 2025 y\u0131l\u0131 Ocak-A\u011fustos verilerine g\u00f6re i\u015flenmi\u015f do\u011fal ta\u015f grubunda T\u00fcrkiye genelinde y\u00fczde 18\u2019lik pay ile lider konumday\u0131z. Marmomac 2025\u2019in de yeni i\u015f birliklerine kap\u0131 aralayaca\u011f\u0131na ve firmalar\u0131m\u0131za \u00f6nemli ticaret f\u0131rsatlar\u0131 sunaca\u011f\u0131na inan\u0131yoruz. 2025 y\u0131l\u0131 Ocak-A\u011fustos d\u00f6neminde 2515 GT\u0130P grubu olan blok mermer ihracat\u0131m\u0131z 16,5 milyon dolara, 6802 GT\u0130P grubu olan i\u015flenmi\u015f do\u011fal ta\u015f ihracat\u0131m\u0131z ise 166 milyon dolara ula\u015ft\u0131. Blok mermerde en fazla ihracat yapt\u0131\u011f\u0131m\u0131z ilk 5 \u00fclke; \u00c7in, Hindistan, Cezayir, Brezilya ve Birle\u015fik Arap Emirlikleri olarak s\u0131ralan\u0131rken, i\u015flenmi\u015f do\u011fal ta\u015fta ise ABD, Fransa, Avustralya, Romanya ve Birle\u015fik Arap Emirlikleri ilk 5 \u00fclkemiz aras\u0131nda yer al\u0131yor&#8221; diye konu\u015ftu.<br \/><\/p>\n","protected":false},"excerpt":{"rendered":"<p>Denizli do\u011fal ta\u015f sekt\u00f6r\u00fc, d\u00fcnyan\u0131n en prestijli do\u011fal ta\u015f etkinliklerinden biri olan ve k\u00fcresel do\u011fal ta\u015f end\u00fcstrisinin bulu\u015fma noktas\u0131 haline gelen Marmomac Fuar\u0131nda tan\u0131t\u0131l\u0131yor. DEN\u0130B olarak hem fuara kat\u0131l\u0131m sa\u011flayan \u00fcyelere destek olduklar\u0131n\u0131 hem de fuara ziyaret\u00e7i olarak gelen firmalar i\u00e7in info stantta toplant\u0131 ve g\u00f6r\u00fc\u015fme imkan\u0131 sunduklar\u0131n\u0131 belirten DEN\u0130B Ba\u015fkan\u0131 H\u00fcseyin Memi\u015fo\u011flu, &#8220;Bu y\u0131l&#8230;<\/p>\n","protected":false},"author":1,"featured_media":56821,"comment_status":"open","ping_status":"open","sticky":false,"template":"","format":"standard","meta":{"_crdt_document":"","footnotes":""},"categories":[125],"tags":[],"class_list":["post-56820","post","type-post","status-publish","format-standard","has-post-thumbnail","hentry","category-ekonomi"],"_links":{"self":[{"href":"https:\/\/www.egemtv.com\/index.php?rest_route=\/wp\/v2\/posts\/56820","targetHints":{"allow":["GET"]}}],"collection":[{"href":"https:\/\/www.egemtv.com\/index.php?rest_route=\/wp\/v2\/posts"}],"about":[{"href":"https:\/\/www.egemtv.com\/index.php?rest_route=\/wp\/v2\/types\/post"}],"author":[{"embeddable":true,"href":"https:\/\/www.egemtv.com\/index.php?rest_route=\/wp\/v2\/users\/1"}],"replies":[{"embeddable":true,"href":"https:\/\/www.egemtv.com\/index.php?rest_route=%2Fwp%2Fv2%2Fcomments&post=56820"}],"version-history":[{"count":1,"href":"https:\/\/www.egemtv.com\/index.php?rest_route=\/wp\/v2\/posts\/56820\/revisions"}],"predecessor-version":[{"id":56822,"href":"https:\/\/www.egemtv.com\/index.php?rest_route=\/wp\/v2\/posts\/56820\/revisions\/56822"}],"wp:featuredmedia":[{"embeddable":true,"href":"https:\/\/www.egemtv.com\/index.php?rest_route=\/wp\/v2\/media\/56821"}],"wp:attachment":[{"href":"https:\/\/www.egemtv.com\/index.php?rest_route=%2Fwp%2Fv2%2Fmedia&parent=56820"}],"wp:term":[{"taxonomy":"category","embeddable":true,"href":"https:\/\/www.egemtv.com\/index.php?rest_route=%2Fwp%2Fv2%2Fcategories&post=56820"},{"taxonomy":"post_tag","embeddable":true,"href":"https:\/\/www.egemtv.com\/index.php?rest_route=%2Fwp%2Fv2%2Ftags&post=56820"}],"curies":[{"name":"wp","href":"https:\/\/api.w.org\/{rel}","templated":true}]}}