{"id":56817,"date":"2025-09-23T15:15:43","date_gmt":"2025-09-23T12:15:43","guid":{"rendered":"https:\/\/www.egemtv.com\/?p=56817"},"modified":"2025-09-23T15:15:44","modified_gmt":"2025-09-23T12:15:44","slug":"doganin-ve-tarihin-kenti-mugla-istanbulda-tanitilacak","status":"publish","type":"post","link":"https:\/\/www.egemtv.com\/?p=56817","title":{"rendered":"Do\u011fan\u0131n ve Tarihin Kenti Mu\u011fla \u0130stanbul\u2019da tan\u0131t\u0131lacak"},"content":{"rendered":"<p>K\u0131y\u0131 Ege Belediyeler Birli\u011fi ve Mu\u011fla B\u00fcy\u00fck\u015fehir Belediye Ba\u015fkan\u0131 Ahmet Aras, T\u00fcrkiye\u2019nin ve d\u00fcnyan\u0131n \u00f6nde gelen turizm profesyonellerini bulu\u015fturacak olan \u0130stanbul Turizm Fuar\u0131na kat\u0131lacak.<br \/>\n<br \/>25-26 Eyl\u00fcl tarihlerinde ger\u00e7ekle\u015fecek \u0130stanbul Turizm Fuar\u0131, 50 \u00fclkeden 500 firman\u0131n ve 15 bin turizm profesyonelinin kat\u0131l\u0131m\u0131yla sekt\u00f6r\u00fcn en \u00f6nemli bulu\u015fma noktalar\u0131ndan biri olacak.<br \/>\n<br \/>Mu\u011fla B\u00fcy\u00fck\u015fehir Belediyesi, il\u00e7e belediyeleri ve turizm payda\u015flar\u0131yla birlikte fuarda yer alacak. \u015eehrin e\u015fsiz do\u011fal g\u00fczellikleri, tarihi ve k\u00fclt\u00fcrel de\u011ferleri \u0130stanbul\u2019da geni\u015f kitlelere tan\u0131t\u0131lacak. Fuarda, Mu\u011fla\u2019n\u0131n turizm potansiyeli hem yerli hem de yabanc\u0131 ziyaret\u00e7ilere aktar\u0131lacak.<br \/>\n<br \/>Mu\u011fla turizm zirvesi \u00f6ne \u00e7\u0131kacak<br \/>\n<br \/>Fuar kapsam\u0131nda d\u00fczenlenecek olan Turizm Zirvesinde d\u00fcnya turizminin g\u00fcncel trendleri ve sekt\u00f6r\u00fcn gelece\u011fi masaya yat\u0131r\u0131lacak. Bunun yan\u0131 s\u0131ra Ba\u015fkan Ahmet Aras\u2019\u0131n ba\u015fkanl\u0131\u011f\u0131nda ger\u00e7ekle\u015fecek &#8220;Mu\u011fla Turizm Zirvesi&#8221; de \u0130stanbul Turizm Fuar\u0131\u2019nda kat\u0131l\u0131mc\u0131lara k\u00fclt\u00fcr, turizm kenti Mu\u011fla\u2019y\u0131 anlatacak. Zirvede Mu\u011fla\u2019n\u0131n turizm stratejileri, s\u00fcrd\u00fcr\u00fclebilirlik vizyonu, k\u00fclt\u00fcrel miras\u0131 ve do\u011fal g\u00fczellikleri \u00fczerine de\u011ferlendirmeler payla\u015f\u0131lacak.<br \/>\n<br \/>Ba\u015fkan Aras, Mu\u011fla\u2019n\u0131n turizm alan\u0131nda att\u0131\u011f\u0131 ad\u0131mlar\u0131n sadece b\u00f6lgesel de\u011fil, ulusal \u00f6l\u00e7ekte de kar\u015f\u0131l\u0131k buldu\u011funu belirterek, &#8220;Amac\u0131m\u0131z Mu\u011fla\u2019n\u0131n sahip oldu\u011fu de\u011ferleri do\u011fru stratejilerle gelece\u011fe ta\u015f\u0131mak ve uluslararas\u0131 alanda g\u00fc\u00e7l\u00fc i\u015f birlikleri kurmak. \u0130stanbul Turizm Fuar\u0131 bu anlamda bizler i\u00e7in b\u00fcy\u00fck bir f\u0131rsat&#8221; diye konu\u015ftu.<br \/>\n<br \/>Ba\u015fkan Aras &#8220;Belediyeler Aras\u0131 Turizm \u0130\u015f Birli\u011fi&#8221; panelinde konu\u015facak<br \/>\n<br \/>\u0130stanbul Turizm Fuar\u0131 kapsam\u0131nda d\u00fczenlenecek olan &#8220;\u0130\u015f Birli\u011fi ve Gelecek Vizyonu: Belediyeler Aras\u0131 Turizm \u0130\u015fbirlikleri-Ortak Rotalar ve B\u00f6lgesel G\u00fc\u00e7 Birli\u011fi&#8221; ba\u015fl\u0131kl\u0131 panelde de Ba\u015fkan Aras konu\u015fmac\u0131 olarak yer alacak.<br \/>\n<br \/>Dr. Mimar Kadir Topba\u015f G\u00f6steri ve Sanat Merkezinde ger\u00e7ekle\u015fecek olan panele; Tekirda\u011f B\u00fcy\u00fck\u015fehir Belediye Ba\u015fkan\u0131 ve Trakyakent Belediyeler Birli\u011fi Ba\u015fkan\u0131 Dr. Candan Y\u00fcceer, Sel\u00e7uk Belediye Ba\u015fkan\u0131 Filiz Cerito\u011flu Sengel, \u00c7e\u015fme Belediye Ba\u015fkan\u0131 Lal Denizli de kat\u0131lacak. Panelin moderat\u00f6rl\u00fc\u011f\u00fcn\u00fc ise T\u00fcrkiye Belediyeler Birli\u011fi Genel Sekreter Yard\u0131mc\u0131s\u0131 Dr. \u015eeng\u00fcl Altan Arslan \u00fcstlenecek.<br \/>\n<br \/>Ba\u015fkan Aras: &#8220;Turizm ekonomimizi de\u011fil do\u011fam\u0131z\u0131 da g\u00fc\u00e7lendirmeli&#8221;<br \/>\n<br \/>K\u0131y\u0131 Ege Belediyeler Birli\u011fi ve Mu\u011fla B\u00fcy\u00fck\u015fehir Belediye Ba\u015fkan\u0131 Ahmet Aras, fuar\u0131n Mu\u011fla turizmi i\u00e7in yeni i\u015f birliklerinin kap\u0131s\u0131n\u0131 aralayaca\u011f\u0131n\u0131 vurgulayarak \u015fu de\u011ferlendirmede bulundu: &#8220;Mu\u011fla\u2019m\u0131z sadece T\u00fcrkiye\u2019nin de\u011fil, d\u00fcnyan\u0131n en \u00f6zel destinasyonlar\u0131ndan biridir. \u0130stanbul Turizm Fuar\u0131, yerli turizmin canland\u0131r\u0131lmas\u0131 ve uluslararas\u0131 tan\u0131t\u0131m i\u00e7in \u00f6nemli bir f\u0131rsat sunuyor. K\u0131y\u0131 Ege Belediyeler Birli\u011fi olarak da amac\u0131m\u0131z, b\u00f6lgemizin ortak turizm de\u011ferlerini do\u011fru stratejilerle gelece\u011fe ta\u015f\u0131mak ve g\u00fc\u00e7l\u00fc i\u015f birlikleri kurmakt\u0131r. Turizm, sadece ekonomimizi de\u011fil, k\u00fclt\u00fcr\u00fcm\u00fcz\u00fc ve do\u011fam\u0131z\u0131 da koruyarak geli\u015ftirmemiz gereken bir aland\u0131r&#8221;<br \/><\/p>\n","protected":false},"excerpt":{"rendered":"<p>K\u0131y\u0131 Ege Belediyeler Birli\u011fi ve Mu\u011fla B\u00fcy\u00fck\u015fehir Belediye Ba\u015fkan\u0131 Ahmet Aras, T\u00fcrkiye\u2019nin ve d\u00fcnyan\u0131n \u00f6nde gelen turizm profesyonellerini bulu\u015fturacak olan \u0130stanbul Turizm Fuar\u0131na kat\u0131lacak. 25-26 Eyl\u00fcl tarihlerinde ger\u00e7ekle\u015fecek \u0130stanbul Turizm Fuar\u0131, 50 \u00fclkeden 500 firman\u0131n ve 15 bin turizm profesyonelinin kat\u0131l\u0131m\u0131yla sekt\u00f6r\u00fcn en \u00f6nemli bulu\u015fma noktalar\u0131ndan biri olacak. Mu\u011fla B\u00fcy\u00fck\u015fehir Belediyesi, il\u00e7e belediyeleri ve turizm&#8230;<\/p>\n","protected":false},"author":1,"featured_media":56818,"comment_status":"open","ping_status":"open","sticky":false,"template":"","format":"standard","meta":{"_crdt_document":"","footnotes":""},"categories":[1],"tags":[],"class_list":["post-56817","post","type-post","status-publish","format-standard","has-post-thumbnail","hentry","category-guncel"],"_links":{"self":[{"href":"https:\/\/www.egemtv.com\/index.php?rest_route=\/wp\/v2\/posts\/56817","targetHints":{"allow":["GET"]}}],"collection":[{"href":"https:\/\/www.egemtv.com\/index.php?rest_route=\/wp\/v2\/posts"}],"about":[{"href":"https:\/\/www.egemtv.com\/index.php?rest_route=\/wp\/v2\/types\/post"}],"author":[{"embeddable":true,"href":"https:\/\/www.egemtv.com\/index.php?rest_route=\/wp\/v2\/users\/1"}],"replies":[{"embeddable":true,"href":"https:\/\/www.egemtv.com\/index.php?rest_route=%2Fwp%2Fv2%2Fcomments&post=56817"}],"version-history":[{"count":1,"href":"https:\/\/www.egemtv.com\/index.php?rest_route=\/wp\/v2\/posts\/56817\/revisions"}],"predecessor-version":[{"id":56819,"href":"https:\/\/www.egemtv.com\/index.php?rest_route=\/wp\/v2\/posts\/56817\/revisions\/56819"}],"wp:featuredmedia":[{"embeddable":true,"href":"https:\/\/www.egemtv.com\/index.php?rest_route=\/wp\/v2\/media\/56818"}],"wp:attachment":[{"href":"https:\/\/www.egemtv.com\/index.php?rest_route=%2Fwp%2Fv2%2Fmedia&parent=56817"}],"wp:term":[{"taxonomy":"category","embeddable":true,"href":"https:\/\/www.egemtv.com\/index.php?rest_route=%2Fwp%2Fv2%2Fcategories&post=56817"},{"taxonomy":"post_tag","embeddable":true,"href":"https:\/\/www.egemtv.com\/index.php?rest_route=%2Fwp%2Fv2%2Ftags&post=56817"}],"curies":[{"name":"wp","href":"https:\/\/api.w.org\/{rel}","templated":true}]}}