{"id":56814,"date":"2025-09-23T15:15:42","date_gmt":"2025-09-23T12:15:42","guid":{"rendered":"https:\/\/www.egemtv.com\/?p=56814"},"modified":"2025-09-23T15:15:43","modified_gmt":"2025-09-23T12:15:43","slug":"cinede-7-milyonluk-altyapi-yatirimi-icin-start-verildi","status":"publish","type":"post","link":"https:\/\/www.egemtv.com\/?p=56814","title":{"rendered":"\u00c7ine\u2019de 7 milyonluk altyap\u0131 yat\u0131r\u0131m\u0131 i\u00e7in start verildi"},"content":{"rendered":"<p>Ayd\u0131n\u2019\u0131n \u00c7ine il\u00e7esinde B\u00fcy\u00fck\u015fehir Belediyesi taraf\u0131ndan toplam yat\u0131r\u0131m maliyeti 7 milyon 500 bin TL olan k\u0131smi kanalizasyon hatt\u0131 yap\u0131m i\u015fi i\u00e7in \u2018start\u2019 verildi.<\/p>\n<p>Ayd\u0131n B\u00fcy\u00fck\u015fehir Belediyesi ve Ayd\u0131n Su ve Kanalizasyon \u0130daresi Genel M\u00fcd\u00fcrl\u00fc\u011f\u00fc (ASK\u0130), altyap\u0131 yat\u0131r\u0131mlar\u0131n\u0131 kent genelinde aral\u0131ks\u0131z s\u00fcrd\u00fcr\u00fcyor. Ayd\u0131n B\u00fcy\u00fck\u015fehir Belediye Ba\u015fkan\u0131 \u00d6zlem \u00c7er\u00e7io\u011flu\u2019nun \u00f6nc\u00fcl\u00fc\u011f\u00fcnde ger\u00e7ekle\u015ftirilen \u00e7al\u0131\u015fma, yat\u0131r\u0131m, hizmet ve projeler birer birer Ayd\u0131nl\u0131lar ile bulu\u015fuyor. Bu kapsamda \u00c7ine il\u00e7esine ba\u011fl\u0131 Evciler Mahallesi\u2019nde k\u0131smi kanalizasyon hatt\u0131 yap\u0131m i\u015fi ba\u015flat\u0131ld\u0131. Proje \u00e7er\u00e7evesinde 2 bin 500 metre kanalizasyon hatt\u0131, 57 adet muayene bacas\u0131 ve 40 adet parsel bacas\u0131 in\u015fa edilecek, toplam yat\u0131r\u0131m maliyeti 7 milyon 500 bin TL olacak.<\/p>\n<p>Ayd\u0131n B\u00fcy\u00fck\u015fehir Belediye Ba\u015fkan\u0131 \u00d6zlem \u00c7er\u00e7io\u011flu, Ayd\u0131n\u2019\u0131n d\u00f6rt bir yan\u0131nda altyap\u0131 yat\u0131r\u0131mlar\u0131na h\u0131z kesmeden devam edeceklerini belirtti. Ba\u015fkan \u00c7er\u00e7io\u011flu, &#8220;G\u00fczel Ayd\u0131n\u0131m\u0131z\u0131n t\u00fcm il\u00e7elerinde vatanda\u015flar\u0131m\u0131z\u0131 daha sa\u011fl\u0131kl\u0131 ve modern bir altyap\u0131 ile bulu\u015fturuyoruz. Ayd\u0131n\u0131m\u0131z\u0131n her k\u00f6\u015fesinde hizmetlerimizi artt\u0131rarak s\u00fcrd\u00fcrece\u011fiz&#8221; ifadelerini kulland\u0131.<br \/><\/p>\n","protected":false},"excerpt":{"rendered":"<p>Ayd\u0131n\u2019\u0131n \u00c7ine il\u00e7esinde B\u00fcy\u00fck\u015fehir Belediyesi taraf\u0131ndan toplam yat\u0131r\u0131m maliyeti 7 milyon 500 bin TL olan k\u0131smi kanalizasyon hatt\u0131 yap\u0131m i\u015fi i\u00e7in \u2018start\u2019 verildi. Ayd\u0131n B\u00fcy\u00fck\u015fehir Belediyesi ve Ayd\u0131n Su ve Kanalizasyon \u0130daresi Genel M\u00fcd\u00fcrl\u00fc\u011f\u00fc (ASK\u0130), altyap\u0131 yat\u0131r\u0131mlar\u0131n\u0131 kent genelinde aral\u0131ks\u0131z s\u00fcrd\u00fcr\u00fcyor. Ayd\u0131n B\u00fcy\u00fck\u015fehir Belediye Ba\u015fkan\u0131 \u00d6zlem \u00c7er\u00e7io\u011flu\u2019nun \u00f6nc\u00fcl\u00fc\u011f\u00fcnde ger\u00e7ekle\u015ftirilen \u00e7al\u0131\u015fma, yat\u0131r\u0131m, hizmet ve projeler birer&#8230;<\/p>\n","protected":false},"author":1,"featured_media":56815,"comment_status":"open","ping_status":"open","sticky":false,"template":"","format":"standard","meta":{"_crdt_document":"","footnotes":""},"categories":[1],"tags":[],"class_list":["post-56814","post","type-post","status-publish","format-standard","has-post-thumbnail","hentry","category-guncel"],"_links":{"self":[{"href":"https:\/\/www.egemtv.com\/index.php?rest_route=\/wp\/v2\/posts\/56814","targetHints":{"allow":["GET"]}}],"collection":[{"href":"https:\/\/www.egemtv.com\/index.php?rest_route=\/wp\/v2\/posts"}],"about":[{"href":"https:\/\/www.egemtv.com\/index.php?rest_route=\/wp\/v2\/types\/post"}],"author":[{"embeddable":true,"href":"https:\/\/www.egemtv.com\/index.php?rest_route=\/wp\/v2\/users\/1"}],"replies":[{"embeddable":true,"href":"https:\/\/www.egemtv.com\/index.php?rest_route=%2Fwp%2Fv2%2Fcomments&post=56814"}],"version-history":[{"count":1,"href":"https:\/\/www.egemtv.com\/index.php?rest_route=\/wp\/v2\/posts\/56814\/revisions"}],"predecessor-version":[{"id":56816,"href":"https:\/\/www.egemtv.com\/index.php?rest_route=\/wp\/v2\/posts\/56814\/revisions\/56816"}],"wp:featuredmedia":[{"embeddable":true,"href":"https:\/\/www.egemtv.com\/index.php?rest_route=\/wp\/v2\/media\/56815"}],"wp:attachment":[{"href":"https:\/\/www.egemtv.com\/index.php?rest_route=%2Fwp%2Fv2%2Fmedia&parent=56814"}],"wp:term":[{"taxonomy":"category","embeddable":true,"href":"https:\/\/www.egemtv.com\/index.php?rest_route=%2Fwp%2Fv2%2Fcategories&post=56814"},{"taxonomy":"post_tag","embeddable":true,"href":"https:\/\/www.egemtv.com\/index.php?rest_route=%2Fwp%2Fv2%2Ftags&post=56814"}],"curies":[{"name":"wp","href":"https:\/\/api.w.org\/{rel}","templated":true}]}}