{"id":56811,"date":"2025-09-23T15:15:41","date_gmt":"2025-09-23T12:15:41","guid":{"rendered":"https:\/\/www.egemtv.com\/?p=56811"},"modified":"2025-09-23T15:15:42","modified_gmt":"2025-09-23T12:15:42","slug":"sokede-freni-tutmayan-tir-otobuse-carpti-o-anlar-arac-kamerasina-yansidi","status":"publish","type":"post","link":"https:\/\/www.egemtv.com\/?p=56811","title":{"rendered":"S\u00f6ke\u2019de freni tutmayan t\u0131r otob\u00fcse \u00e7arpt\u0131: &#8220;O anlar ara\u00e7 kameras\u0131na yans\u0131d\u0131&#8221;"},"content":{"rendered":"<p>Ayd\u0131n\u2019\u0131n S\u00f6ke il\u00e7esinde meydana gelen trafik kazas\u0131nda, iddiaya g\u00f6re freni tutmayan t\u0131r gezi otob\u00fcs\u00fcne \u00e7arparken, otob\u00fcste bulunan 6 ki\u015fi yaraland\u0131. Kaza an\u0131 ise ba\u015fka bir arac\u0131n kameras\u0131 taraf\u0131ndan kaydedildi.<\/p>\n<p>Kaza, S\u00f6ke-Ku\u015fadas\u0131 \u00c7evre Yolu \u00fczerindeki kav\u015fakta ya\u015fand\u0131. Edinilen bilgiye g\u00f6re, seyir halindeyken freni tutmayan t\u0131r, ayn\u0131 y\u00f6nde ilerleyen gezi otob\u00fcs\u00fcne arkadan \u00e7arpt\u0131. \u00c7arpman\u0131n etkisiyle t\u0131r ref\u00fcje \u00e7\u0131karken, otob\u00fcs ise yolda savruldu.<\/p>\n<p>&#8220;Kaza an\u0131 ara\u00e7 kameras\u0131na yans\u0131d\u0131&#8221;<br \/>\n<br \/>Kaza an\u0131 \u00e7evredeki bir arac\u0131n kameras\u0131na saniye saniye yans\u0131d\u0131. G\u00f6r\u00fcnt\u00fclerde t\u0131r\u0131n h\u0131zl\u0131 bir \u015fekilde gelerek otob\u00fcse \u00e7arpmas\u0131 yer al\u0131yor. Olayda otob\u00fcs i\u00e7indeki yolcular b\u00fcy\u00fck korku ya\u015farken, kazada yaralanan 6 ki\u015fi, ihbar \u00fczerine b\u00f6lgeye sevk edilen ambulanslarla hastanelere kald\u0131r\u0131ld\u0131. Yaral\u0131lar\u0131n hayati tehlikesinin bulunmad\u0131\u011f\u0131 \u00f6\u011frenildi.<\/p>\n<p>Kazan\u0131n ard\u0131ndan b\u00f6lgede trafik bir s\u00fcre kontroll\u00fc sa\u011flan\u0131rken, can kayb\u0131 ya\u015fanmamas\u0131 teselli kayna\u011f\u0131 oldu.<br \/><\/p>\n","protected":false},"excerpt":{"rendered":"<p>Ayd\u0131n\u2019\u0131n S\u00f6ke il\u00e7esinde meydana gelen trafik kazas\u0131nda, iddiaya g\u00f6re freni tutmayan t\u0131r gezi otob\u00fcs\u00fcne \u00e7arparken, otob\u00fcste bulunan 6 ki\u015fi yaraland\u0131. Kaza an\u0131 ise ba\u015fka bir arac\u0131n kameras\u0131 taraf\u0131ndan kaydedildi. Kaza, S\u00f6ke-Ku\u015fadas\u0131 \u00c7evre Yolu \u00fczerindeki kav\u015fakta ya\u015fand\u0131. Edinilen bilgiye g\u00f6re, seyir halindeyken freni tutmayan t\u0131r, ayn\u0131 y\u00f6nde ilerleyen gezi otob\u00fcs\u00fcne arkadan \u00e7arpt\u0131. \u00c7arpman\u0131n etkisiyle t\u0131r ref\u00fcje&#8230;<\/p>\n","protected":false},"author":1,"featured_media":56812,"comment_status":"open","ping_status":"open","sticky":false,"template":"","format":"standard","meta":{"_crdt_document":"","footnotes":""},"categories":[5],"tags":[],"class_list":["post-56811","post","type-post","status-publish","format-standard","has-post-thumbnail","hentry","category-asayis"],"_links":{"self":[{"href":"https:\/\/www.egemtv.com\/index.php?rest_route=\/wp\/v2\/posts\/56811","targetHints":{"allow":["GET"]}}],"collection":[{"href":"https:\/\/www.egemtv.com\/index.php?rest_route=\/wp\/v2\/posts"}],"about":[{"href":"https:\/\/www.egemtv.com\/index.php?rest_route=\/wp\/v2\/types\/post"}],"author":[{"embeddable":true,"href":"https:\/\/www.egemtv.com\/index.php?rest_route=\/wp\/v2\/users\/1"}],"replies":[{"embeddable":true,"href":"https:\/\/www.egemtv.com\/index.php?rest_route=%2Fwp%2Fv2%2Fcomments&post=56811"}],"version-history":[{"count":1,"href":"https:\/\/www.egemtv.com\/index.php?rest_route=\/wp\/v2\/posts\/56811\/revisions"}],"predecessor-version":[{"id":56813,"href":"https:\/\/www.egemtv.com\/index.php?rest_route=\/wp\/v2\/posts\/56811\/revisions\/56813"}],"wp:featuredmedia":[{"embeddable":true,"href":"https:\/\/www.egemtv.com\/index.php?rest_route=\/wp\/v2\/media\/56812"}],"wp:attachment":[{"href":"https:\/\/www.egemtv.com\/index.php?rest_route=%2Fwp%2Fv2%2Fmedia&parent=56811"}],"wp:term":[{"taxonomy":"category","embeddable":true,"href":"https:\/\/www.egemtv.com\/index.php?rest_route=%2Fwp%2Fv2%2Fcategories&post=56811"},{"taxonomy":"post_tag","embeddable":true,"href":"https:\/\/www.egemtv.com\/index.php?rest_route=%2Fwp%2Fv2%2Ftags&post=56811"}],"curies":[{"name":"wp","href":"https:\/\/api.w.org\/{rel}","templated":true}]}}