{"id":56805,"date":"2025-09-23T15:15:40","date_gmt":"2025-09-23T12:15:40","guid":{"rendered":"https:\/\/www.egemtv.com\/?p=56805"},"modified":"2025-09-23T15:15:40","modified_gmt":"2025-09-23T12:15:40","slug":"gelecegin-ahilerine-ahilik-kulturu-anlatildi","status":"publish","type":"post","link":"https:\/\/www.egemtv.com\/?p=56805","title":{"rendered":"Gelece\u011fin Ahilerine \u2019Ahilik\u2019 k\u00fclt\u00fcr\u00fc anlat\u0131ld\u0131"},"content":{"rendered":"<p>Denizli Esnaf ve Sanatkarlar Odalar\u0131 Birli\u011fi taraf\u0131ndan d\u00fczenlenen Ahilik Haftas\u0131 etkinlikleri kapsam\u0131nda gelece\u011fin ahileri olarak g\u00f6r\u00fclen meslek lisesi \u00f6\u011frencilerine ahilik k\u00fclt\u00fcr\u00fc anlat\u0131ld\u0131.<\/p>\n<p>38. Ahilik Haftas\u0131 etkinlikleri kapsam\u0131nda Denizli Esnaf ve Sanatkarlar Odalar\u0131 Birli\u011fi (DESOB) kentte farkl\u0131 etkinlikler d\u00fczenledi. DESOB taraf\u0131ndan Ahilik Haftas\u0131 kapsam\u0131nda Necla Erg\u00fcn Abal\u0131o\u011flu Mesleki Ve Teknik Anadolu Lisesi \u00f6\u011frencilerine Prof. Dr. Turgut Tok taraf\u0131ndan ahilik gelene\u011fi anlat\u0131ld\u0131. Etkinli\u011fe Denizli Valisi \u00d6mer Faruk Co\u015fkun, Merkezefendi Kaymakam\u0131 Abdullah Demir, \u0130l Milli E\u011fitim M\u00fcd\u00fcr Emre \u00c7al\u0131\u015fkan, K\u00fclt\u00fcr ve Turizm \u0130l M\u00fcd\u00fcr\u00fc H\u00fcdaverdi Otakl\u0131, DESOB Ba\u015fkan\u0131 Mehmet Ali Erbe\u011fi, DESOB Ba\u015fkan Vekili ve Lokantac\u0131lar Odas\u0131 Ba\u015fkan\u0131 Osman \u00dc\u00e7g\u00fcl, il protokol\u00fc, \u00f6\u011fretmenler ve \u00f6\u011frenciler kat\u0131ld\u0131.<\/p>\n<p>Necla Erg\u00fcn Abal\u0131o\u011flu Mesleki ve Teknik Anadolu Lisesi seminer salonunda ger\u00e7ekle\u015fen program\u0131n a\u00e7\u0131l\u0131\u015f konu\u015fmas\u0131n\u0131 yapan DESOB Ba\u015fkan\u0131 Mehmet Ali Erbe\u011fi, &#8220;38\u2019incisini kutlad\u0131\u011f\u0131m\u0131z bu Ahilik Haftas\u0131n\u0131, Ahili\u011fi bilmeyen \u00f6\u011frencilerimizle kutlamaktan onur ve gurur duyuyorum. Biraz sonra Turgut Tok hocam\u0131z ahilik ile bilgilerde verecek. B\u00fct\u00fcn kat\u0131l\u0131mc\u0131lara te\u015fekk\u00fcr ediyorum&#8221; dedi.<\/p>\n<p>&#8220;Ahilik, y\u00fcksek ticaret ahlak\u0131n\u0131n ve \u00e7al\u0131\u015fma disiplininin devam\u0131 a\u00e7\u0131s\u0131ndan b\u00fcy\u00fck \u00f6nem arz etmektedir&#8221;<br \/>\n<br \/>Ahilik k\u00fclt\u00fcr\u00fcn\u00fcn \u00f6nemini vurgulayan Denizli Valisi \u00d6mer Faruk Co\u015fkun, &#8220;Kamil insan yeti\u015ftirmeyi hedefleyen ahilik te\u015fkilat\u0131, dini de\u011ferlerimizi, \u00f6rf ve adetlerimizi harmanlayarak, ilim, ahlak ve sanat\u0131 birle\u015ftirmi\u015f, as\u0131rlard\u0131r insan\u0131 merkeze alan bir anlay\u0131\u015fla milletimizin sosyal ve ekonomik hayat\u0131na y\u00f6n vermi\u015ftir. Ahili\u011fin sundu\u011fu ilkeler kaliteli \u00fcretimden sosyal g\u00fcvenli\u011fe, i\u015f\u00e7i ve i\u015fveren ili\u015fkilerinden e\u011fitime kadar g\u00fcn\u00fcm\u00fczde de i\u015fletmelere \u0131\u015f\u0131k tutacak \u00e7a\u011fda\u015f nitelikler ta\u015f\u0131maktad\u0131r. Esnaf ve sanatkarlar\u0131m\u0131z\u0131n ahilik k\u00fclt\u00fcr\u00fcnden miras kalan d\u00fcr\u00fcstl\u00fck, g\u00fcvenilirlik, hak ve hukuka riayet, meslek ahlak\u0131na sayg\u0131, c\u00f6mertlik ve g\u00fcler y\u00fczl\u00fc\u011f\u00fc ya\u015fatmalar\u0131 y\u00fcksek ticaret ahlak\u0131n\u0131n ve \u00e7al\u0131\u015fma disiplininin devam\u0131 a\u00e7\u0131s\u0131ndan b\u00fcy\u00fck \u00f6nem arz etmektedir. Bu vesileyle millet olmam\u0131z\u0131, devlet olmam\u0131z\u0131 temin eden k\u00fclt\u00fcr\u00fcm\u00fcz\u00fcn en \u00f6nemli de\u011ferlerinden biri olan ahilik te\u015fkilat\u0131n\u0131n kurucusu Ahi Evran\u2019\u0131 rahmet ve minnetle y\u00e2d ediyor ve yine Ahi Sinan ve Ahi Duman ilimizin \u00f6nemli ahilik \u00f6nderlerini de rahmetli ve minnetle yad ediyorum. Bu kutlu miras\u0131 ya\u015fatan t\u00fcm esnaf ve sanatkarlar\u0131m\u0131za bereketli kazan\u00e7lar diliyorum&#8221; \u015feklinde konu\u015ftu.<\/p>\n<p>Konu\u015fmalar\u0131n ard\u0131ndan tiyatro ekibi taraf\u0131ndan \u015eed Ku\u015fatma T\u00f6reni temsili yap\u0131ld\u0131. Daha sonra Prof. Dr. Turgut Tok taraf\u0131ndan ise gelece\u011fin ahileri olarak g\u00f6r\u00fclen gen\u00e7lere ahilik k\u00fclt\u00fcr\u00fc anlat\u0131ld\u0131.<br \/><\/p>\n","protected":false},"excerpt":{"rendered":"<p>Denizli Esnaf ve Sanatkarlar Odalar\u0131 Birli\u011fi taraf\u0131ndan d\u00fczenlenen Ahilik Haftas\u0131 etkinlikleri kapsam\u0131nda gelece\u011fin ahileri olarak g\u00f6r\u00fclen meslek lisesi \u00f6\u011frencilerine ahilik k\u00fclt\u00fcr\u00fc anlat\u0131ld\u0131. 38. Ahilik Haftas\u0131 etkinlikleri kapsam\u0131nda Denizli Esnaf ve Sanatkarlar Odalar\u0131 Birli\u011fi (DESOB) kentte farkl\u0131 etkinlikler d\u00fczenledi. DESOB taraf\u0131ndan Ahilik Haftas\u0131 kapsam\u0131nda Necla Erg\u00fcn Abal\u0131o\u011flu Mesleki Ve Teknik Anadolu Lisesi \u00f6\u011frencilerine Prof. Dr. Turgut&#8230;<\/p>\n","protected":false},"author":1,"featured_media":56806,"comment_status":"open","ping_status":"open","sticky":false,"template":"","format":"standard","meta":{"_crdt_document":"","footnotes":""},"categories":[1],"tags":[],"class_list":["post-56805","post","type-post","status-publish","format-standard","has-post-thumbnail","hentry","category-guncel"],"_links":{"self":[{"href":"https:\/\/www.egemtv.com\/index.php?rest_route=\/wp\/v2\/posts\/56805","targetHints":{"allow":["GET"]}}],"collection":[{"href":"https:\/\/www.egemtv.com\/index.php?rest_route=\/wp\/v2\/posts"}],"about":[{"href":"https:\/\/www.egemtv.com\/index.php?rest_route=\/wp\/v2\/types\/post"}],"author":[{"embeddable":true,"href":"https:\/\/www.egemtv.com\/index.php?rest_route=\/wp\/v2\/users\/1"}],"replies":[{"embeddable":true,"href":"https:\/\/www.egemtv.com\/index.php?rest_route=%2Fwp%2Fv2%2Fcomments&post=56805"}],"version-history":[{"count":1,"href":"https:\/\/www.egemtv.com\/index.php?rest_route=\/wp\/v2\/posts\/56805\/revisions"}],"predecessor-version":[{"id":56807,"href":"https:\/\/www.egemtv.com\/index.php?rest_route=\/wp\/v2\/posts\/56805\/revisions\/56807"}],"wp:featuredmedia":[{"embeddable":true,"href":"https:\/\/www.egemtv.com\/index.php?rest_route=\/wp\/v2\/media\/56806"}],"wp:attachment":[{"href":"https:\/\/www.egemtv.com\/index.php?rest_route=%2Fwp%2Fv2%2Fmedia&parent=56805"}],"wp:term":[{"taxonomy":"category","embeddable":true,"href":"https:\/\/www.egemtv.com\/index.php?rest_route=%2Fwp%2Fv2%2Fcategories&post=56805"},{"taxonomy":"post_tag","embeddable":true,"href":"https:\/\/www.egemtv.com\/index.php?rest_route=%2Fwp%2Fv2%2Ftags&post=56805"}],"curies":[{"name":"wp","href":"https:\/\/api.w.org\/{rel}","templated":true}]}}