{"id":56802,"date":"2025-09-23T15:15:39","date_gmt":"2025-09-23T12:15:39","guid":{"rendered":"https:\/\/www.egemtv.com\/?p=56802"},"modified":"2025-09-23T15:15:40","modified_gmt":"2025-09-23T12:15:40","slug":"iklim-icin-pedalla-bisiklet-turu-buyuk-ilgi-gordu","status":"publish","type":"post","link":"https:\/\/www.egemtv.com\/?p=56802","title":{"rendered":"\u2018\u0130klim \u0130\u00e7in Pedalla\u2019 bisiklet turu b\u00fcy\u00fck ilgi g\u00f6rd\u00fc"},"content":{"rendered":"<p>MTK Koleji, \u00e7evre bilincini art\u0131rmak ve iklim de\u011fi\u015fikli\u011fi konusunda fark\u0131ndal\u0131k olu\u015fturmak amac\u0131yla d\u00fczenledi\u011fi \u2018\u0130klim \u0130\u00e7in Pedalla\u2019 Bisiklet Turunu ba\u015far\u0131yla ger\u00e7ekle\u015ftirdi.<br \/>\n<br \/>Etkinlik, Network of European Blue Schools i\u015f birli\u011fiyle organize edildi. MTK Koleji kamp\u00fcs\u00fcnden ba\u015flayan bisiklet turu, trafi\u011fe kapal\u0131 g\u00fcvenli bir rotada yap\u0131ld\u0131. \u00d6\u011frenciler, veliler ve \u00e7ok say\u0131da do\u011faseverin kat\u0131ld\u0131\u011f\u0131 turda kat\u0131l\u0131mc\u0131lar keyifli anlar ya\u015fad\u0131.<br \/>\n<br \/>Etkinli\u011fe kat\u0131lanlar, bisiklet s\u00fcrmenin sadece spor de\u011fil, ayn\u0131 zamanda \u00e7evre dostu bir ya\u015fam tarz\u0131 oldu\u011funa dikkat \u00e7ekti. MTK Koleji y\u00f6netimi, bu t\u00fcr etkinliklerle \u00f6\u011frenciler ve ailelerde \u00e7evre bilincini art\u0131rmay\u0131 ama\u00e7lad\u0131klar\u0131n\u0131 belirterek, kat\u0131l\u0131mc\u0131lara te\u015fekk\u00fcr etti.<br \/>\n<br \/>\u00c7ocuklar\u0131n g\u00fcvenli\u011fi i\u00e7in ailelerin sorumlulu\u011funda ger\u00e7ekle\u015fen tur, renkli g\u00f6r\u00fcnt\u00fclere sahne oldu. Kat\u0131l\u0131mc\u0131lar hem spor yapman\u0131n hem de do\u011fayla i\u00e7 i\u00e7e zaman ge\u00e7irmenin mutlulu\u011funu ya\u015fad\u0131.<br \/>\n<br \/>MTK Koleji, ilerleyen d\u00f6nemde de \u00e7evreye duyarl\u0131 projelerle toplumsal fark\u0131ndal\u0131\u011f\u0131 art\u0131rmaya devam edece\u011fini a\u00e7\u0131klad\u0131.<br \/><\/p>\n","protected":false},"excerpt":{"rendered":"<p>MTK Koleji, \u00e7evre bilincini art\u0131rmak ve iklim de\u011fi\u015fikli\u011fi konusunda fark\u0131ndal\u0131k olu\u015fturmak amac\u0131yla d\u00fczenledi\u011fi \u2018\u0130klim \u0130\u00e7in Pedalla\u2019 Bisiklet Turunu ba\u015far\u0131yla ger\u00e7ekle\u015ftirdi. Etkinlik, Network of European Blue Schools i\u015f birli\u011fiyle organize edildi. MTK Koleji kamp\u00fcs\u00fcnden ba\u015flayan bisiklet turu, trafi\u011fe kapal\u0131 g\u00fcvenli bir rotada yap\u0131ld\u0131. \u00d6\u011frenciler, veliler ve \u00e7ok say\u0131da do\u011faseverin kat\u0131ld\u0131\u011f\u0131 turda kat\u0131l\u0131mc\u0131lar keyifli anlar ya\u015fad\u0131. Etkinli\u011fe&#8230;<\/p>\n","protected":false},"author":1,"featured_media":56803,"comment_status":"open","ping_status":"open","sticky":false,"template":"","format":"standard","meta":{"_crdt_document":"","footnotes":""},"categories":[4],"tags":[],"class_list":["post-56802","post","type-post","status-publish","format-standard","has-post-thumbnail","hentry","category-spor"],"_links":{"self":[{"href":"https:\/\/www.egemtv.com\/index.php?rest_route=\/wp\/v2\/posts\/56802","targetHints":{"allow":["GET"]}}],"collection":[{"href":"https:\/\/www.egemtv.com\/index.php?rest_route=\/wp\/v2\/posts"}],"about":[{"href":"https:\/\/www.egemtv.com\/index.php?rest_route=\/wp\/v2\/types\/post"}],"author":[{"embeddable":true,"href":"https:\/\/www.egemtv.com\/index.php?rest_route=\/wp\/v2\/users\/1"}],"replies":[{"embeddable":true,"href":"https:\/\/www.egemtv.com\/index.php?rest_route=%2Fwp%2Fv2%2Fcomments&post=56802"}],"version-history":[{"count":1,"href":"https:\/\/www.egemtv.com\/index.php?rest_route=\/wp\/v2\/posts\/56802\/revisions"}],"predecessor-version":[{"id":56804,"href":"https:\/\/www.egemtv.com\/index.php?rest_route=\/wp\/v2\/posts\/56802\/revisions\/56804"}],"wp:featuredmedia":[{"embeddable":true,"href":"https:\/\/www.egemtv.com\/index.php?rest_route=\/wp\/v2\/media\/56803"}],"wp:attachment":[{"href":"https:\/\/www.egemtv.com\/index.php?rest_route=%2Fwp%2Fv2%2Fmedia&parent=56802"}],"wp:term":[{"taxonomy":"category","embeddable":true,"href":"https:\/\/www.egemtv.com\/index.php?rest_route=%2Fwp%2Fv2%2Fcategories&post=56802"},{"taxonomy":"post_tag","embeddable":true,"href":"https:\/\/www.egemtv.com\/index.php?rest_route=%2Fwp%2Fv2%2Ftags&post=56802"}],"curies":[{"name":"wp","href":"https:\/\/api.w.org\/{rel}","templated":true}]}}