{"id":56799,"date":"2025-09-23T15:15:38","date_gmt":"2025-09-23T12:15:38","guid":{"rendered":"https:\/\/www.egemtv.com\/?p=56799"},"modified":"2025-09-23T15:15:39","modified_gmt":"2025-09-23T12:15:39","slug":"demircide-ilk-kez-semt-pazari-kuruldu","status":"publish","type":"post","link":"https:\/\/www.egemtv.com\/?p=56799","title":{"rendered":"Demirci\u2019de ilk kez semt pazar\u0131 kuruldu"},"content":{"rendered":"<p>Manisa\u2019n\u0131n Demirci il\u00e7esinde ilk kez semt kuruldu. Demirci Belediyesi taraf\u0131ndan vatanda\u015flar\u0131n pazar \u00fcr\u00fcnlerine kolay bir \u015fekilde ula\u015fmalar\u0131n\u0131 sa\u011flamak amac\u0131yla il\u00e7ede ilk kez semt pazar\u0131 uygulamas\u0131n\u0131 ba\u015flatt\u0131.<br \/>\n<br \/>Demirci\u2019nin Beyaz\u0131t Mahallesi Bizim Sokak \u00fczerine kurulan semt pazar\u0131nda g\u0131dadan, giyime kadar bir\u00e7ok pazar \u00fcr\u00fcn\u00fc yer al\u0131yor. Semt pazar\u0131n\u0131n ilk g\u00fcn\u00fc esnaflar tezgahlar\u0131n\u0131 okunan dualar\u0131n ard\u0131ndan a\u00e7t\u0131.<br \/>\n<br \/>Demirci Belediye Ba\u015fkan\u0131 Erkan Kara, AK Parti \u0130l\u00e7e Ba\u015fkan\u0131 Nurullah Akg\u00fcn ve MHP \u0130l\u00e7e Ba\u015fkan\u0131 \u00dcmit Kany\u0131lmaz ile birlikte semt pazar\u0131n\u0131 ziyaret ederek, esnaflara hay\u0131rl\u0131 i\u015fler ve bereketli kazan\u00e7lar temennisinde bulundu.<br \/>\n<br \/>Vatanda\u015flar ve esnaflar il\u00e7eye semt pazar\u0131 kurulmas\u0131ndan dolay\u0131 memnun olduklar\u0131n\u0131 ve bu uygulamadan dolay\u0131 Belediye Ba\u015fkan\u0131 Erkan Kara\u2019ya te\u015fekk\u00fcr etti.<br \/>\n<br \/>Belediye Ba\u015fkan\u0131 Erkan Kara yapt\u0131\u011f\u0131 a\u00e7\u0131klamada, &#8220;\u0130l\u00e7emizde ilk kez semt pazar\u0131 uygulamas\u0131n\u0131 Beyaz\u0131t mahallemizde ba\u015flatt\u0131k. \u0130l\u00e7emiz pazar\u0131 Cumartesi g\u00fcnleri de devam edecek. Amac\u0131m\u0131z semt pazar\u0131 uygulamas\u0131 ile Cumartesi pazar\u0131na gelemeyen vatanda\u015flar\u0131m\u0131za y\u00f6nelik. Her hafta sal\u0131 g\u00fcn\u00fc Beyaz\u0131t Mahallemizde semt pazar\u0131 uygulamas\u0131na devam edece\u011fiz. Zab\u0131ta ekiplerimiz vatanda\u015flar\u0131m\u0131z\u0131n taze ve kaliteli \u00fcr\u00fcnlere daha rahat ula\u015fmalar\u0131 ad\u0131na da denetim ve kontrollerini de s\u00fcrd\u00fcrecekler.&#8221; dedi.<br \/><\/p>\n","protected":false},"excerpt":{"rendered":"<p>Manisa\u2019n\u0131n Demirci il\u00e7esinde ilk kez semt kuruldu. Demirci Belediyesi taraf\u0131ndan vatanda\u015flar\u0131n pazar \u00fcr\u00fcnlerine kolay bir \u015fekilde ula\u015fmalar\u0131n\u0131 sa\u011flamak amac\u0131yla il\u00e7ede ilk kez semt pazar\u0131 uygulamas\u0131n\u0131 ba\u015flatt\u0131. Demirci\u2019nin Beyaz\u0131t Mahallesi Bizim Sokak \u00fczerine kurulan semt pazar\u0131nda g\u0131dadan, giyime kadar bir\u00e7ok pazar \u00fcr\u00fcn\u00fc yer al\u0131yor. Semt pazar\u0131n\u0131n ilk g\u00fcn\u00fc esnaflar tezgahlar\u0131n\u0131 okunan dualar\u0131n ard\u0131ndan a\u00e7t\u0131. Demirci Belediye&#8230;<\/p>\n","protected":false},"author":1,"featured_media":56800,"comment_status":"open","ping_status":"open","sticky":false,"template":"","format":"standard","meta":{"_crdt_document":"","footnotes":""},"categories":[125],"tags":[],"class_list":["post-56799","post","type-post","status-publish","format-standard","has-post-thumbnail","hentry","category-ekonomi"],"_links":{"self":[{"href":"https:\/\/www.egemtv.com\/index.php?rest_route=\/wp\/v2\/posts\/56799","targetHints":{"allow":["GET"]}}],"collection":[{"href":"https:\/\/www.egemtv.com\/index.php?rest_route=\/wp\/v2\/posts"}],"about":[{"href":"https:\/\/www.egemtv.com\/index.php?rest_route=\/wp\/v2\/types\/post"}],"author":[{"embeddable":true,"href":"https:\/\/www.egemtv.com\/index.php?rest_route=\/wp\/v2\/users\/1"}],"replies":[{"embeddable":true,"href":"https:\/\/www.egemtv.com\/index.php?rest_route=%2Fwp%2Fv2%2Fcomments&post=56799"}],"version-history":[{"count":1,"href":"https:\/\/www.egemtv.com\/index.php?rest_route=\/wp\/v2\/posts\/56799\/revisions"}],"predecessor-version":[{"id":56801,"href":"https:\/\/www.egemtv.com\/index.php?rest_route=\/wp\/v2\/posts\/56799\/revisions\/56801"}],"wp:featuredmedia":[{"embeddable":true,"href":"https:\/\/www.egemtv.com\/index.php?rest_route=\/wp\/v2\/media\/56800"}],"wp:attachment":[{"href":"https:\/\/www.egemtv.com\/index.php?rest_route=%2Fwp%2Fv2%2Fmedia&parent=56799"}],"wp:term":[{"taxonomy":"category","embeddable":true,"href":"https:\/\/www.egemtv.com\/index.php?rest_route=%2Fwp%2Fv2%2Fcategories&post=56799"},{"taxonomy":"post_tag","embeddable":true,"href":"https:\/\/www.egemtv.com\/index.php?rest_route=%2Fwp%2Fv2%2Ftags&post=56799"}],"curies":[{"name":"wp","href":"https:\/\/api.w.org\/{rel}","templated":true}]}}