{"id":56574,"date":"2025-09-22T17:35:00","date_gmt":"2025-09-22T14:35:00","guid":{"rendered":"https:\/\/www.egemtv.com\/?p=56574"},"modified":"2025-09-22T17:35:02","modified_gmt":"2025-09-22T14:35:02","slug":"karacasu-belediyesinden-soguk-hava-deposu-duyurusu","status":"publish","type":"post","link":"https:\/\/www.egemtv.com\/?p=56574","title":{"rendered":"Karacasu Belediyesi\u2019nden \u2018so\u011fuk hava deposu\u2019 duyurusu"},"content":{"rendered":"<p>Ayd\u0131n\u2019\u0131n \u00f6nemli elma \u00fcretim merkezi Karacasu il\u00e7esinde sezon hareketlili\u011fi ba\u015flarken, Karacasu Belediyesi so\u011fuk hava tesislerinin de hizmete girdi\u011fini duyurdu.<\/p>\n<p>Karacasu\u2019nun yaylalar\u0131nda yeti\u015fen, sulu ve lezzetli olmas\u0131yla semt pazarlar\u0131nda da en \u00e7ok tercih edilen elmada 2025-26 sezon hareketlili\u011fi ba\u015flad\u0131. Her y\u0131l binlerce ton elman\u0131n \u00fcretildi\u011fi Karacasu\u2019da hasad\u0131n yan\u0131 s\u0131ra toplanan \u00fcr\u00fcnlerin depolama tela\u015f\u0131 da ba\u015flarken, Karacasu Belediyesi yapt\u0131\u011f\u0131 a\u00e7\u0131klama ile so\u011fuk hava tesislerinin hizmet vermeye ba\u015flad\u0131\u011f\u0131n\u0131 duyurdu. Her y\u0131l doluluk oran\u0131 y\u00fczde y\u00fcze yakla\u015fan Karacasu Belediyesi So\u011fuk Hava Tesisleri\u2019nde haz\u0131rl\u0131klar tamamlan\u0131rken, \u00fcreticiler de belediyeye ait tesislerden faydalanabilecek.<\/p>\n<p>Konu ile ilgili Karacasu Belediyesi\u2019nden yap\u0131lan duyuruda &#8220;2025-2026 elma sezonu ba\u015flad\u0131. Belediyemize ait so\u011fuk hava elma deposu \u00fcreticilerimizin hizmetine a\u00e7\u0131lm\u0131\u015ft\u0131r. \u00dcreticilerimize bereketli bir sezon dileriz&#8221; ifadeleri yer ald\u0131.<br \/><\/p>\n","protected":false},"excerpt":{"rendered":"<p>Ayd\u0131n\u2019\u0131n \u00f6nemli elma \u00fcretim merkezi Karacasu il\u00e7esinde sezon hareketlili\u011fi ba\u015flarken, Karacasu Belediyesi so\u011fuk hava tesislerinin de hizmete girdi\u011fini duyurdu. Karacasu\u2019nun yaylalar\u0131nda yeti\u015fen, sulu ve lezzetli olmas\u0131yla semt pazarlar\u0131nda da en \u00e7ok tercih edilen elmada 2025-26 sezon hareketlili\u011fi ba\u015flad\u0131. Her y\u0131l binlerce ton elman\u0131n \u00fcretildi\u011fi Karacasu\u2019da hasad\u0131n yan\u0131 s\u0131ra toplanan \u00fcr\u00fcnlerin depolama tela\u015f\u0131 da ba\u015flarken, Karacasu&#8230;<\/p>\n","protected":false},"author":1,"featured_media":56575,"comment_status":"open","ping_status":"open","sticky":false,"template":"","format":"standard","meta":{"_crdt_document":"","footnotes":""},"categories":[125],"tags":[],"class_list":["post-56574","post","type-post","status-publish","format-standard","has-post-thumbnail","hentry","category-ekonomi"],"_links":{"self":[{"href":"https:\/\/www.egemtv.com\/index.php?rest_route=\/wp\/v2\/posts\/56574","targetHints":{"allow":["GET"]}}],"collection":[{"href":"https:\/\/www.egemtv.com\/index.php?rest_route=\/wp\/v2\/posts"}],"about":[{"href":"https:\/\/www.egemtv.com\/index.php?rest_route=\/wp\/v2\/types\/post"}],"author":[{"embeddable":true,"href":"https:\/\/www.egemtv.com\/index.php?rest_route=\/wp\/v2\/users\/1"}],"replies":[{"embeddable":true,"href":"https:\/\/www.egemtv.com\/index.php?rest_route=%2Fwp%2Fv2%2Fcomments&post=56574"}],"version-history":[{"count":1,"href":"https:\/\/www.egemtv.com\/index.php?rest_route=\/wp\/v2\/posts\/56574\/revisions"}],"predecessor-version":[{"id":56576,"href":"https:\/\/www.egemtv.com\/index.php?rest_route=\/wp\/v2\/posts\/56574\/revisions\/56576"}],"wp:featuredmedia":[{"embeddable":true,"href":"https:\/\/www.egemtv.com\/index.php?rest_route=\/wp\/v2\/media\/56575"}],"wp:attachment":[{"href":"https:\/\/www.egemtv.com\/index.php?rest_route=%2Fwp%2Fv2%2Fmedia&parent=56574"}],"wp:term":[{"taxonomy":"category","embeddable":true,"href":"https:\/\/www.egemtv.com\/index.php?rest_route=%2Fwp%2Fv2%2Fcategories&post=56574"},{"taxonomy":"post_tag","embeddable":true,"href":"https:\/\/www.egemtv.com\/index.php?rest_route=%2Fwp%2Fv2%2Ftags&post=56574"}],"curies":[{"name":"wp","href":"https:\/\/api.w.org\/{rel}","templated":true}]}}