{"id":56571,"date":"2025-09-22T17:15:56","date_gmt":"2025-09-22T14:15:56","guid":{"rendered":"https:\/\/www.egemtv.com\/?p=56571"},"modified":"2025-09-22T17:15:57","modified_gmt":"2025-09-22T14:15:57","slug":"mcbu-takimlarindan-teknofestte-cifte-basari","status":"publish","type":"post","link":"https:\/\/www.egemtv.com\/?p=56571","title":{"rendered":"MCB\u00dc tak\u0131mlar\u0131ndan TEKNOFEST\u2019te \u00e7ifte ba\u015far\u0131"},"content":{"rendered":"<p>Manisa Celal Bayar \u00dcniversitesi \u00f6\u011frencilerinden olu\u015fan iki tak\u0131m, TEKNOFEST \u0130stanbul 2025\u2019te T\u00fcrkiye derecesi elde ederek \u00fcniversitelerine b\u00fcy\u00fck gurur ya\u015fatt\u0131.<br \/>\n<br \/>MCB\u00dc M\u00fchendislik ve Do\u011fa Bilimleri Fak\u00fcltesi Elektrik-Elektronik M\u00fchendisli\u011fi B\u00f6l\u00fcm\u00fc \u00f6\u011fretim \u00fcyesi Prof. Dr. Sezai Ta\u015fk\u0131n\u2019\u0131n dan\u0131\u015fmanl\u0131\u011f\u0131ndaki OHMIGOS Tak\u0131m\u0131, Mesleki Yetenek Yar\u0131\u015fmas\u0131 &#8211; End\u00fcstriyel Otomasyon ve Programlanabilir Sistemler Kategorisi\u2019nde T\u00fcrkiye birincisi oldu. Tak\u0131m kaptan\u0131 Hakan \u00c7evik, ekip \u00fcyeleri Mervenur \u00c7elik, Ali Mert Esendemir ve Mustafa Murat Ta\u015fc\u0131\u2019dan olu\u015fan ekip, \u00f6d\u00fcllerini T3 Vakf\u0131 M\u00fctevelli Heyeti Ba\u015fkan\u0131 Sel\u00e7uk Bayraktar ve Cumhurba\u015fkan\u0131 Yard\u0131mc\u0131s\u0131 Cevdet Y\u0131lmaz\u2019\u0131n elinden ald\u0131.<br \/>\n<br \/>Ayn\u0131 festivalde, 2242 \u00dcniversite \u00d6\u011frencileri Ara\u015ft\u0131rma Projeleri Yar\u0131\u015fmas\u0131\u2019nda yar\u0131\u015fan Kovak: KompoFilament Tak\u0131m\u0131 ise T\u00fcrkiye \u00fc\u00e7\u00fcnc\u00fcl\u00fc\u011f\u00fc elde etti. Tak\u0131m kaptan\u0131 Muhammed Emre \u00c7okya\u015far liderli\u011finde ve Dr. \u00d6\u011fr. \u00dcyesi U\u011fur \u00d6zmen dan\u0131\u015fmanl\u0131\u011f\u0131nda haz\u0131rlanan &#8220;Kompozit Filamentlerin Dayan\u0131kl\u0131l\u0131klar\u0131 ve \u00dcretim A\u00e7\u0131lar\u0131n Dayan\u0131kl\u0131l\u0131k \u00dczerine Etkisi&#8221; ba\u015fl\u0131kl\u0131 proje, Makine \u0130malat\u0131 ve Otomotiv ile Malzeme Bilimi ve Nanoteknoloji kategorilerinde \u00f6nemli bir derece ald\u0131. Ekip, \u00f6d\u00fcl\u00fcn\u00fc Sel\u00e7uk Bayraktar ile T\u00dcB\u0130TAK Ba\u015fkan\u0131 Prof. Dr. Orhan Ayd\u0131n\u2019\u0131n elinden ald\u0131.<br \/>\n<br \/>MCB\u00dc y\u00f6netimi, elde edilen iki gurur verici ba\u015far\u0131da eme\u011fi ge\u00e7en t\u00fcm akademisyenleri ve \u00f6\u011frencileri tebrik ederek, ba\u015far\u0131lar\u0131n\u0131n artarak devam etmesini diledi.<br \/><\/p>\n","protected":false},"excerpt":{"rendered":"<p>Manisa Celal Bayar \u00dcniversitesi \u00f6\u011frencilerinden olu\u015fan iki tak\u0131m, TEKNOFEST \u0130stanbul 2025\u2019te T\u00fcrkiye derecesi elde ederek \u00fcniversitelerine b\u00fcy\u00fck gurur ya\u015fatt\u0131. MCB\u00dc M\u00fchendislik ve Do\u011fa Bilimleri Fak\u00fcltesi Elektrik-Elektronik M\u00fchendisli\u011fi B\u00f6l\u00fcm\u00fc \u00f6\u011fretim \u00fcyesi Prof. Dr. Sezai Ta\u015fk\u0131n\u2019\u0131n dan\u0131\u015fmanl\u0131\u011f\u0131ndaki OHMIGOS Tak\u0131m\u0131, Mesleki Yetenek Yar\u0131\u015fmas\u0131 &#8211; End\u00fcstriyel Otomasyon ve Programlanabilir Sistemler Kategorisi\u2019nde T\u00fcrkiye birincisi oldu. Tak\u0131m kaptan\u0131 Hakan \u00c7evik, ekip&#8230;<\/p>\n","protected":false},"author":1,"featured_media":56572,"comment_status":"open","ping_status":"open","sticky":false,"template":"","format":"standard","meta":{"_crdt_document":"","footnotes":""},"categories":[124],"tags":[],"class_list":["post-56571","post","type-post","status-publish","format-standard","has-post-thumbnail","hentry","category-bilim"],"_links":{"self":[{"href":"https:\/\/www.egemtv.com\/index.php?rest_route=\/wp\/v2\/posts\/56571","targetHints":{"allow":["GET"]}}],"collection":[{"href":"https:\/\/www.egemtv.com\/index.php?rest_route=\/wp\/v2\/posts"}],"about":[{"href":"https:\/\/www.egemtv.com\/index.php?rest_route=\/wp\/v2\/types\/post"}],"author":[{"embeddable":true,"href":"https:\/\/www.egemtv.com\/index.php?rest_route=\/wp\/v2\/users\/1"}],"replies":[{"embeddable":true,"href":"https:\/\/www.egemtv.com\/index.php?rest_route=%2Fwp%2Fv2%2Fcomments&post=56571"}],"version-history":[{"count":1,"href":"https:\/\/www.egemtv.com\/index.php?rest_route=\/wp\/v2\/posts\/56571\/revisions"}],"predecessor-version":[{"id":56573,"href":"https:\/\/www.egemtv.com\/index.php?rest_route=\/wp\/v2\/posts\/56571\/revisions\/56573"}],"wp:featuredmedia":[{"embeddable":true,"href":"https:\/\/www.egemtv.com\/index.php?rest_route=\/wp\/v2\/media\/56572"}],"wp:attachment":[{"href":"https:\/\/www.egemtv.com\/index.php?rest_route=%2Fwp%2Fv2%2Fmedia&parent=56571"}],"wp:term":[{"taxonomy":"category","embeddable":true,"href":"https:\/\/www.egemtv.com\/index.php?rest_route=%2Fwp%2Fv2%2Fcategories&post=56571"},{"taxonomy":"post_tag","embeddable":true,"href":"https:\/\/www.egemtv.com\/index.php?rest_route=%2Fwp%2Fv2%2Ftags&post=56571"}],"curies":[{"name":"wp","href":"https:\/\/api.w.org\/{rel}","templated":true}]}}