{"id":56565,"date":"2025-09-22T16:55:28","date_gmt":"2025-09-22T13:55:28","guid":{"rendered":"https:\/\/www.egemtv.com\/?p=56565"},"modified":"2025-09-22T16:55:29","modified_gmt":"2025-09-22T13:55:29","slug":"mcbulu-ogrenciler-odulunu-cumhurbaskani-erdogandan-aldi","status":"publish","type":"post","link":"https:\/\/www.egemtv.com\/?p=56565","title":{"rendered":"MCB\u00dc\u2019l\u00fc \u00f6\u011frenciler \u00f6d\u00fcl\u00fcn\u00fc Cumhurba\u015fkan\u0131 Erdo\u011fan\u2019dan ald\u0131"},"content":{"rendered":"<p>Manisa Celal Bayar \u00dcniversitesi \u00f6nc\u00fcl\u00fc\u011f\u00fcnde kurulan MATUNAT\u0130ON Tak\u0131m\u0131, TEKNOFEST \u0130stanbul 2025\u2019te d\u00fczenlenen &#8220;Gelece\u011fin S\u00fcrd\u00fcr\u00fclebilir \u015eehirleri Hackathonu&#8221;nda birincili\u011fi elde etti. Cumhurba\u015fkan\u0131 Recep Tayyip Erdo\u011fan, MATUNAT\u0130ON Tak\u0131m\u0131\u2019na \u00f6d\u00fcl\u00fcn\u00fc takdim ederek gen\u00e7leri ba\u015far\u0131lar\u0131ndan dolay\u0131 kutlad\u0131.<br \/>\n<br \/>Manisa Celal Bayar \u00dcniversitesi (MCB\u00dc) \u00f6nc\u00fcl\u00fc\u011f\u00fcnde, Ortado\u011fu Teknik \u00dcniversitesi ve Bo\u011fazi\u00e7i \u00dcniversitesi i\u015f birli\u011fiyle kurulan MATUNAT\u0130ON Tak\u0131m\u0131, TEKNOFEST \u0130stanbul 2025\u2019te d\u00fczenlenen &#8220;Gelece\u011fin S\u00fcrd\u00fcr\u00fclebilir \u015eehirleri Hackathonu&#8221; yar\u0131\u015fmas\u0131nda geli\u015ftirdikleri yenilik\u00e7i projeyle birincilik \u00f6d\u00fcl\u00fcne lay\u0131k g\u00f6r\u00fcld\u00fc.<br \/>\n<br \/>Yar\u0131\u015fmada b\u00fcy\u00fck ba\u015far\u0131 elde eden MATUNAT\u0130ON Tak\u0131m\u0131, \u00f6d\u00fcl\u00fcn\u00fc Cumhurba\u015fkan\u0131 Recep Tayyip Erdo\u011fan\u2019\u0131n elinden ald\u0131. Cumhurba\u015fkan\u0131 Erdo\u011fan, gen\u00e7leri tebrik ederek gelecekteki \u00e7al\u0131\u015fmalar\u0131nda ba\u015far\u0131lar diledi.<br \/>\n<br \/>TEKNOFEST 2025 kapsam\u0131nda d\u00fczenlenen Hackathon yar\u0131\u015fmas\u0131, \u015fehirlerin gelecekteki s\u00fcrd\u00fcr\u00fclebilir ya\u015fam modellerine y\u00f6nelik \u00e7\u00f6z\u00fcmler geli\u015ftirilmesini hedefledi. MATUNAT\u0130ON Tak\u0131m\u0131 da ortaya koydu\u011fu proje ile j\u00fcri \u00fcyelerinden tam not alarak birincili\u011fe ula\u015ft\u0131.<br \/>\n<br \/>Manisa Celal Bayar \u00dcniversitesi Rekt\u00f6rl\u00fc\u011f\u00fc\u2019nden yap\u0131lan a\u00e7\u0131klamada, \u00f6\u011frencilerin elde etti\u011fi bu ba\u015far\u0131n\u0131n hem \u00fcniversite hem de T\u00fcrkiye ad\u0131na gurur kayna\u011f\u0131 oldu\u011fu ifade edildi.<br \/><\/p>\n","protected":false},"excerpt":{"rendered":"<p>Manisa Celal Bayar \u00dcniversitesi \u00f6nc\u00fcl\u00fc\u011f\u00fcnde kurulan MATUNAT\u0130ON Tak\u0131m\u0131, TEKNOFEST \u0130stanbul 2025\u2019te d\u00fczenlenen &#8220;Gelece\u011fin S\u00fcrd\u00fcr\u00fclebilir \u015eehirleri Hackathonu&#8221;nda birincili\u011fi elde etti. Cumhurba\u015fkan\u0131 Recep Tayyip Erdo\u011fan, MATUNAT\u0130ON Tak\u0131m\u0131\u2019na \u00f6d\u00fcl\u00fcn\u00fc takdim ederek gen\u00e7leri ba\u015far\u0131lar\u0131ndan dolay\u0131 kutlad\u0131. Manisa Celal Bayar \u00dcniversitesi (MCB\u00dc) \u00f6nc\u00fcl\u00fc\u011f\u00fcnde, Ortado\u011fu Teknik \u00dcniversitesi ve Bo\u011fazi\u00e7i \u00dcniversitesi i\u015f birli\u011fiyle kurulan MATUNAT\u0130ON Tak\u0131m\u0131, TEKNOFEST \u0130stanbul 2025\u2019te d\u00fczenlenen &#8220;Gelece\u011fin S\u00fcrd\u00fcr\u00fclebilir&#8230;<\/p>\n","protected":false},"author":1,"featured_media":56566,"comment_status":"open","ping_status":"open","sticky":false,"template":"","format":"standard","meta":{"_crdt_document":"","footnotes":""},"categories":[124],"tags":[],"class_list":["post-56565","post","type-post","status-publish","format-standard","has-post-thumbnail","hentry","category-bilim"],"_links":{"self":[{"href":"https:\/\/www.egemtv.com\/index.php?rest_route=\/wp\/v2\/posts\/56565","targetHints":{"allow":["GET"]}}],"collection":[{"href":"https:\/\/www.egemtv.com\/index.php?rest_route=\/wp\/v2\/posts"}],"about":[{"href":"https:\/\/www.egemtv.com\/index.php?rest_route=\/wp\/v2\/types\/post"}],"author":[{"embeddable":true,"href":"https:\/\/www.egemtv.com\/index.php?rest_route=\/wp\/v2\/users\/1"}],"replies":[{"embeddable":true,"href":"https:\/\/www.egemtv.com\/index.php?rest_route=%2Fwp%2Fv2%2Fcomments&post=56565"}],"version-history":[{"count":1,"href":"https:\/\/www.egemtv.com\/index.php?rest_route=\/wp\/v2\/posts\/56565\/revisions"}],"predecessor-version":[{"id":56567,"href":"https:\/\/www.egemtv.com\/index.php?rest_route=\/wp\/v2\/posts\/56565\/revisions\/56567"}],"wp:featuredmedia":[{"embeddable":true,"href":"https:\/\/www.egemtv.com\/index.php?rest_route=\/wp\/v2\/media\/56566"}],"wp:attachment":[{"href":"https:\/\/www.egemtv.com\/index.php?rest_route=%2Fwp%2Fv2%2Fmedia&parent=56565"}],"wp:term":[{"taxonomy":"category","embeddable":true,"href":"https:\/\/www.egemtv.com\/index.php?rest_route=%2Fwp%2Fv2%2Fcategories&post=56565"},{"taxonomy":"post_tag","embeddable":true,"href":"https:\/\/www.egemtv.com\/index.php?rest_route=%2Fwp%2Fv2%2Ftags&post=56565"}],"curies":[{"name":"wp","href":"https:\/\/api.w.org\/{rel}","templated":true}]}}