{"id":56562,"date":"2025-09-22T16:55:27","date_gmt":"2025-09-22T13:55:27","guid":{"rendered":"https:\/\/www.egemtv.com\/?p=56562"},"modified":"2025-09-22T16:55:28","modified_gmt":"2025-09-22T13:55:28","slug":"bilim-yunusemre-ogrencileri-teknofestte-birinci-oldu","status":"publish","type":"post","link":"https:\/\/www.egemtv.com\/?p=56562","title":{"rendered":"Bilim Yunusemre \u00f6\u011frencileri TEKNOFEST\u2019te birinci oldu"},"content":{"rendered":"<p>Bilim Yunusemre Bilim Merkezi \u00f6\u011frencilerinden olu\u015fan Summer Triangle Tak\u0131m\u0131, \u0130stanbul\u2019da d\u00fczenlenen TEKNOFEST\u2019te Ak\u0131ll\u0131 \u015eehirler ve Ula\u015f\u0131m Temal\u0131 Proje yar\u0131\u015fmas\u0131nda T\u00fcrkiye birincili\u011fini kazanarak b\u00fcy\u00fck bir ba\u015far\u0131ya imza att\u0131.<br \/>\n<br \/>T\u00fcrkiye\u2019nin en b\u00fcy\u00fck Havac\u0131l\u0131k, Uzay ve Bilim Festivali olan TEKNOFEST, Sanayi ve Teknoloji Bakanl\u0131\u011f\u0131 ile T\u00fcrkiye Teknoloji Tak\u0131m\u0131 Vakf\u0131 taraf\u0131ndan d\u00fczenleniyor. Bu y\u0131l K\u0131br\u0131s\u2019\u0131n ard\u0131ndan ikinci kez \u0130stanbul Atat\u00fcrk Havaliman\u0131\u2019nda ger\u00e7ekle\u015ftirilen festival, teknoloji severlerle bulu\u015ftu. Festival kapsam\u0131nda d\u00fczenlenen Deneyap Makeathon Yar\u0131\u015fmas\u0131\u2019na bin 500 \u00f6\u011frenci ba\u015fvurdu. Bu zorlu yar\u0131\u015fmada Bilim Yunusemre Bilim Merkezi \u00f6\u011frencilerinden olu\u015fan Summer Triangle Tak\u0131m\u0131, Ak\u0131ll\u0131 \u015eehirler ve Ula\u015f\u0131m Temal\u0131 Proje kategorisinde T\u00fcrkiye birincili\u011fi elde etti. Tak\u0131m; Mentor \u00d6\u011fretmen Mahmut Apayd\u0131n rehberli\u011finde, \u00f6\u011frenciler Burak Ad\u0131g\u00fczel, Kemal \u00c7etin ve Zehra Damla Bal\u2019dan olu\u015fuyor. Daha \u00f6nce \u00fc\u00e7\u00fcnc\u00fcl\u00fck \u00f6d\u00fcl\u00fc alan Bilim Yunusemre Bilim Merkezi tak\u0131mlar\u0131, bu kez birincilikle Manisa ve Yunusemre\u2019ye b\u00fcy\u00fck gurur ya\u015fatt\u0131. Festivalin 4. g\u00fcn\u00fcnde d\u00fczenlenen \u00f6d\u00fcl t\u00f6reninde Summer Triangle Tak\u0131m\u0131, \u00f6d\u00fcl\u00fcn\u00fc Cumhurba\u015fkan\u0131 Yard\u0131mc\u0131s\u0131 Cevdet Y\u0131lmaz ve Baykar Y\u00f6netim Kurulu Ba\u015fkan\u0131\/T3 Vakf\u0131 M\u00fctevelli Heyeti Ba\u015fkan\u0131 Sel\u00e7uk Bayraktar\u2019\u0131n elinden ald\u0131.<br \/>\n<br \/>Yunusemre Belediye Ba\u015fkan\u0131 Semih Balaban, \u00f6\u011frencileri tebrik ederek, &#8220;Gelece\u011fimizin teminat\u0131 olan gen\u00e7lerimizin b\u00f6yle \u00f6nemli bir ba\u015far\u0131ya imza atmas\u0131 bizleri \u00e7ok mutlu etti. Bilim ve teknolojiye verdikleri \u00f6nemle, sadece b\u00f6lgemize de\u011fil \u00fclkemize de b\u00fcy\u00fck katk\u0131lar sa\u011flayacaklar\u0131na y\u00fcrekten inan\u0131yorum. Gen\u00e7lerimizin yan\u0131nda olmaya ve onlar\u0131 desteklemeye devam edece\u011fiz.&#8221; dedi.<br \/><\/p>\n","protected":false},"excerpt":{"rendered":"<p>Bilim Yunusemre Bilim Merkezi \u00f6\u011frencilerinden olu\u015fan Summer Triangle Tak\u0131m\u0131, \u0130stanbul\u2019da d\u00fczenlenen TEKNOFEST\u2019te Ak\u0131ll\u0131 \u015eehirler ve Ula\u015f\u0131m Temal\u0131 Proje yar\u0131\u015fmas\u0131nda T\u00fcrkiye birincili\u011fini kazanarak b\u00fcy\u00fck bir ba\u015far\u0131ya imza att\u0131. T\u00fcrkiye\u2019nin en b\u00fcy\u00fck Havac\u0131l\u0131k, Uzay ve Bilim Festivali olan TEKNOFEST, Sanayi ve Teknoloji Bakanl\u0131\u011f\u0131 ile T\u00fcrkiye Teknoloji Tak\u0131m\u0131 Vakf\u0131 taraf\u0131ndan d\u00fczenleniyor. Bu y\u0131l K\u0131br\u0131s\u2019\u0131n ard\u0131ndan ikinci kez \u0130stanbul&#8230;<\/p>\n","protected":false},"author":1,"featured_media":56563,"comment_status":"open","ping_status":"open","sticky":false,"template":"","format":"standard","meta":{"_crdt_document":"","footnotes":""},"categories":[124],"tags":[],"class_list":["post-56562","post","type-post","status-publish","format-standard","has-post-thumbnail","hentry","category-bilim"],"_links":{"self":[{"href":"https:\/\/www.egemtv.com\/index.php?rest_route=\/wp\/v2\/posts\/56562","targetHints":{"allow":["GET"]}}],"collection":[{"href":"https:\/\/www.egemtv.com\/index.php?rest_route=\/wp\/v2\/posts"}],"about":[{"href":"https:\/\/www.egemtv.com\/index.php?rest_route=\/wp\/v2\/types\/post"}],"author":[{"embeddable":true,"href":"https:\/\/www.egemtv.com\/index.php?rest_route=\/wp\/v2\/users\/1"}],"replies":[{"embeddable":true,"href":"https:\/\/www.egemtv.com\/index.php?rest_route=%2Fwp%2Fv2%2Fcomments&post=56562"}],"version-history":[{"count":1,"href":"https:\/\/www.egemtv.com\/index.php?rest_route=\/wp\/v2\/posts\/56562\/revisions"}],"predecessor-version":[{"id":56564,"href":"https:\/\/www.egemtv.com\/index.php?rest_route=\/wp\/v2\/posts\/56562\/revisions\/56564"}],"wp:featuredmedia":[{"embeddable":true,"href":"https:\/\/www.egemtv.com\/index.php?rest_route=\/wp\/v2\/media\/56563"}],"wp:attachment":[{"href":"https:\/\/www.egemtv.com\/index.php?rest_route=%2Fwp%2Fv2%2Fmedia&parent=56562"}],"wp:term":[{"taxonomy":"category","embeddable":true,"href":"https:\/\/www.egemtv.com\/index.php?rest_route=%2Fwp%2Fv2%2Fcategories&post=56562"},{"taxonomy":"post_tag","embeddable":true,"href":"https:\/\/www.egemtv.com\/index.php?rest_route=%2Fwp%2Fv2%2Ftags&post=56562"}],"curies":[{"name":"wp","href":"https:\/\/api.w.org\/{rel}","templated":true}]}}