{"id":56559,"date":"2025-09-22T16:34:46","date_gmt":"2025-09-22T13:34:46","guid":{"rendered":"https:\/\/www.egemtv.com\/?p=56559"},"modified":"2025-09-22T16:34:48","modified_gmt":"2025-09-22T13:34:48","slug":"koskte-tarimsal-zararlilarla-mucadele-icin-sahaya-indiler","status":"publish","type":"post","link":"https:\/\/www.egemtv.com\/?p=56559","title":{"rendered":"K\u00f6\u015fk\u2019te tar\u0131msal zararl\u0131larla m\u00fccadele i\u00e7in sahaya indiler"},"content":{"rendered":"<p>Ayd\u0131n\u2019\u0131n K\u00f6\u015fk il\u00e7esinde \u00e7al\u0131\u015fmalar\u0131n\u0131 s\u00fcrd\u00fcren il\u00e7e tar\u0131m ekipleri, tar\u0131msal zararl\u0131larla m\u00fccadele kapsam\u0131nda sahaya indi.<\/p>\n<p>Ayd\u0131n genelinde tar\u0131msal \u00fcretimde kar\u015f\u0131la\u015f\u0131lan zararl\u0131larla m\u00fccadeleye y\u00f6nelik yap\u0131lan \u00e7al\u0131\u015fmalar aral\u0131ks\u0131z devam ediyor. Bu kapsamda \u0130zmir Bornova Zirai M\u00fccadele Ara\u015ft\u0131rma Enstit\u00fcs\u00fc M\u00fcd\u00fcr\u00fc Dr. Tevfik Turanl\u0131 ile Ayd\u0131n \u0130l Tar\u0131m ve Orman M\u00fcd\u00fcrl\u00fc\u011f\u00fc Bitkisel \u00dcretim ve Bitki Sa\u011fl\u0131\u011f\u0131 \u015eube M\u00fcd\u00fcr\u00fc Arma\u011fan Tanr\u0131kulu, K\u00f6\u015fk \u0130l\u00e7e Tar\u0131m ve Orman M\u00fcd\u00fcrl\u00fc\u011f\u00fc\u2019n\u00fc ziyaret etti. K\u00f6\u015fk \u0130l\u00e7e Tar\u0131m ve Orman M\u00fcd\u00fcrl\u00fc\u011f\u00fc\u2019nde yap\u0131lan ziyaret kapsam\u0131nda Akdeniz meyve sine\u011fi zararl\u0131s\u0131 ve incir hastal\u0131klar\u0131 ele al\u0131n\u0131rken, gelece\u011fe y\u00f6nelik projeler hakk\u0131nda da fikir al\u0131\u015fveri\u015fi yap\u0131ld\u0131. Ziyarette misafirlere, K\u00f6\u015fk \u0130l\u00e7e Tar\u0131m ve Orman M\u00fcd\u00fcr\u00fc Veysel Ali \u00dcnal e\u015flik etti. Arazi kontrolleri s\u0131ras\u0131nda \u00f6zellikle Akdeniz meyve sine\u011fi zararl\u0131s\u0131 ve incir hastal\u0131klar\u0131yla zararl\u0131lar \u00fczerine de\u011ferlendirmeler yap\u0131ld\u0131. Ayr\u0131ca ileriye d\u00f6n\u00fck hayata ge\u00e7irilebilecek projeler hakk\u0131nda kar\u015f\u0131l\u0131kl\u0131 bilgi al\u0131\u015fveri\u015finde bulunuldu.<br \/>\n<br \/>Konu ile ilgili K\u00f6\u015fk \u0130l\u00e7e Tar\u0131m ve Orman M\u00fcd\u00fcrl\u00fc\u011f\u00fc\u2019nden yap\u0131lan a\u00e7\u0131klamada &#8220;Arazi kontrolleri  s\u0131ras\u0131nda Akdeniz meyve sine\u011fi zararl\u0131s\u0131 ve incir hastal\u0131klarla zararl\u0131lar konusunda yap\u0131lmas\u0131 gerekenler, ileriye d\u00f6n\u00fck yap\u0131lacak projeler hakk\u0131nda bilgi al\u0131\u015f veri\u015fi sa\u011flanm\u0131\u015ft\u0131r. K\u00f6\u015fk \u0130l\u00e7e Tar\u0131m ve Orman M\u00fcd\u00fcrl\u00fc\u011f\u00fc ailesi olarak ziyaretlerinden dolay\u0131 m\u00fcd\u00fcrlerimize \u00e7ok te\u015fekk\u00fcr ederiz&#8221; ifadeleri yer ald\u0131.<br \/><\/p>\n","protected":false},"excerpt":{"rendered":"<p>Ayd\u0131n\u2019\u0131n K\u00f6\u015fk il\u00e7esinde \u00e7al\u0131\u015fmalar\u0131n\u0131 s\u00fcrd\u00fcren il\u00e7e tar\u0131m ekipleri, tar\u0131msal zararl\u0131larla m\u00fccadele kapsam\u0131nda sahaya indi. Ayd\u0131n genelinde tar\u0131msal \u00fcretimde kar\u015f\u0131la\u015f\u0131lan zararl\u0131larla m\u00fccadeleye y\u00f6nelik yap\u0131lan \u00e7al\u0131\u015fmalar aral\u0131ks\u0131z devam ediyor. Bu kapsamda \u0130zmir Bornova Zirai M\u00fccadele Ara\u015ft\u0131rma Enstit\u00fcs\u00fc M\u00fcd\u00fcr\u00fc Dr. Tevfik Turanl\u0131 ile Ayd\u0131n \u0130l Tar\u0131m ve Orman M\u00fcd\u00fcrl\u00fc\u011f\u00fc Bitkisel \u00dcretim ve Bitki Sa\u011fl\u0131\u011f\u0131 \u015eube M\u00fcd\u00fcr\u00fc Arma\u011fan Tanr\u0131kulu,&#8230;<\/p>\n","protected":false},"author":1,"featured_media":56560,"comment_status":"open","ping_status":"open","sticky":false,"template":"","format":"standard","meta":{"_crdt_document":"","footnotes":""},"categories":[1],"tags":[],"class_list":["post-56559","post","type-post","status-publish","format-standard","has-post-thumbnail","hentry","category-guncel"],"_links":{"self":[{"href":"https:\/\/www.egemtv.com\/index.php?rest_route=\/wp\/v2\/posts\/56559","targetHints":{"allow":["GET"]}}],"collection":[{"href":"https:\/\/www.egemtv.com\/index.php?rest_route=\/wp\/v2\/posts"}],"about":[{"href":"https:\/\/www.egemtv.com\/index.php?rest_route=\/wp\/v2\/types\/post"}],"author":[{"embeddable":true,"href":"https:\/\/www.egemtv.com\/index.php?rest_route=\/wp\/v2\/users\/1"}],"replies":[{"embeddable":true,"href":"https:\/\/www.egemtv.com\/index.php?rest_route=%2Fwp%2Fv2%2Fcomments&post=56559"}],"version-history":[{"count":1,"href":"https:\/\/www.egemtv.com\/index.php?rest_route=\/wp\/v2\/posts\/56559\/revisions"}],"predecessor-version":[{"id":56561,"href":"https:\/\/www.egemtv.com\/index.php?rest_route=\/wp\/v2\/posts\/56559\/revisions\/56561"}],"wp:featuredmedia":[{"embeddable":true,"href":"https:\/\/www.egemtv.com\/index.php?rest_route=\/wp\/v2\/media\/56560"}],"wp:attachment":[{"href":"https:\/\/www.egemtv.com\/index.php?rest_route=%2Fwp%2Fv2%2Fmedia&parent=56559"}],"wp:term":[{"taxonomy":"category","embeddable":true,"href":"https:\/\/www.egemtv.com\/index.php?rest_route=%2Fwp%2Fv2%2Fcategories&post=56559"},{"taxonomy":"post_tag","embeddable":true,"href":"https:\/\/www.egemtv.com\/index.php?rest_route=%2Fwp%2Fv2%2Ftags&post=56559"}],"curies":[{"name":"wp","href":"https:\/\/api.w.org\/{rel}","templated":true}]}}