{"id":56556,"date":"2025-09-22T16:34:44","date_gmt":"2025-09-22T13:34:44","guid":{"rendered":"https:\/\/www.egemtv.com\/?p=56556"},"modified":"2025-09-22T16:34:46","modified_gmt":"2025-09-22T13:34:46","slug":"uyusturucu-ile-yakalanan-sahis-tutuklandi-2","status":"publish","type":"post","link":"https:\/\/www.egemtv.com\/?p=56556","title":{"rendered":"Uyu\u015fturucu ile yakalanan \u015fah\u0131s tutukland\u0131"},"content":{"rendered":"<p>Afyonkarahisar\u2019da polis taraf\u0131ndan durdurulan otomobilde uyu\u015fturucu madde ve haplarla yakalanan \u015fah\u0131s tutukland\u0131.<br \/>\n<br \/>Edinilen bilgilere g\u00f6re, \u0130l Emniyet M\u00fcd\u00fcrl\u00fc\u011f\u00fcne ba\u011fl\u0131 ekipler kent merkezindeki kontrol noktas\u0131nda durumundan \u015f\u00fcphelendikleri bir arac\u0131 durdurarak arama yapt\u0131. Aramada 12,80 gram uyu\u015fturucu madde ile557 adet uyu\u015fturucu hap ele ge\u00e7irildi. Olay\u0131n ard\u0131ndan ara\u00e7ta bulunan ve polis taraf\u0131ndan g\u00f6zalt\u0131na al\u0131nan M.G., isimli \u015fah\u0131s sevk edildi\u011fi mahkeme taraf\u0131ndan tutuklanarak cezaevine g\u00f6nderildi.<br \/><\/p>\n","protected":false},"excerpt":{"rendered":"<p>Afyonkarahisar\u2019da polis taraf\u0131ndan durdurulan otomobilde uyu\u015fturucu madde ve haplarla yakalanan \u015fah\u0131s tutukland\u0131. Edinilen bilgilere g\u00f6re, \u0130l Emniyet M\u00fcd\u00fcrl\u00fc\u011f\u00fcne ba\u011fl\u0131 ekipler kent merkezindeki kontrol noktas\u0131nda durumundan \u015f\u00fcphelendikleri bir arac\u0131 durdurarak arama yapt\u0131. Aramada 12,80 gram uyu\u015fturucu madde ile557 adet uyu\u015fturucu hap ele ge\u00e7irildi. Olay\u0131n ard\u0131ndan ara\u00e7ta bulunan ve polis taraf\u0131ndan g\u00f6zalt\u0131na al\u0131nan M.G., isimli \u015fah\u0131s sevk&#8230;<\/p>\n","protected":false},"author":1,"featured_media":56557,"comment_status":"open","ping_status":"open","sticky":false,"template":"","format":"standard","meta":{"_crdt_document":"","footnotes":""},"categories":[5],"tags":[],"class_list":["post-56556","post","type-post","status-publish","format-standard","has-post-thumbnail","hentry","category-asayis"],"_links":{"self":[{"href":"https:\/\/www.egemtv.com\/index.php?rest_route=\/wp\/v2\/posts\/56556","targetHints":{"allow":["GET"]}}],"collection":[{"href":"https:\/\/www.egemtv.com\/index.php?rest_route=\/wp\/v2\/posts"}],"about":[{"href":"https:\/\/www.egemtv.com\/index.php?rest_route=\/wp\/v2\/types\/post"}],"author":[{"embeddable":true,"href":"https:\/\/www.egemtv.com\/index.php?rest_route=\/wp\/v2\/users\/1"}],"replies":[{"embeddable":true,"href":"https:\/\/www.egemtv.com\/index.php?rest_route=%2Fwp%2Fv2%2Fcomments&post=56556"}],"version-history":[{"count":1,"href":"https:\/\/www.egemtv.com\/index.php?rest_route=\/wp\/v2\/posts\/56556\/revisions"}],"predecessor-version":[{"id":56558,"href":"https:\/\/www.egemtv.com\/index.php?rest_route=\/wp\/v2\/posts\/56556\/revisions\/56558"}],"wp:featuredmedia":[{"embeddable":true,"href":"https:\/\/www.egemtv.com\/index.php?rest_route=\/wp\/v2\/media\/56557"}],"wp:attachment":[{"href":"https:\/\/www.egemtv.com\/index.php?rest_route=%2Fwp%2Fv2%2Fmedia&parent=56556"}],"wp:term":[{"taxonomy":"category","embeddable":true,"href":"https:\/\/www.egemtv.com\/index.php?rest_route=%2Fwp%2Fv2%2Fcategories&post=56556"},{"taxonomy":"post_tag","embeddable":true,"href":"https:\/\/www.egemtv.com\/index.php?rest_route=%2Fwp%2Fv2%2Ftags&post=56556"}],"curies":[{"name":"wp","href":"https:\/\/api.w.org\/{rel}","templated":true}]}}