{"id":56553,"date":"2025-09-22T16:34:43","date_gmt":"2025-09-22T13:34:43","guid":{"rendered":"https:\/\/www.egemtv.com\/?p=56553"},"modified":"2025-09-22T16:34:44","modified_gmt":"2025-09-22T13:34:44","slug":"izmir-buyuksehir-yolsuzluk-davasinda-2-durusma-goruluyor","status":"publish","type":"post","link":"https:\/\/www.egemtv.com\/?p=56553","title":{"rendered":"\u0130zmir B\u00fcy\u00fck\u015fehir yolsuzluk davas\u0131nda 2. duru\u015fma g\u00f6r\u00fcl\u00fcyor"},"content":{"rendered":"<p>\u0130zmir B\u00fcy\u00fck\u015fehir Belediyesi i\u015ftiraki \u0130ZBETON\u2019a y\u00f6nelik soru\u015fturmada kooperatiflerdeki usuls\u00fczl\u00fck iddialar\u0131 ile ilgili a\u00e7\u0131lan dava devam ediyor. \u0130kinci duru\u015fmas\u0131 g\u00f6r\u00fclen davada tutuksuz yarg\u0131lanan san\u0131klar savunmalar\u0131n\u0131 yap\u0131yor.<br \/>\n<br \/>\u0130zmir Cumhuriyet Ba\u015fsavc\u0131l\u0131\u011f\u0131 taraf\u0131ndan, \u0130zmir B\u00fcy\u00fck\u015fehir Belediyesi (\u0130ZBB) i\u015ftiraklerinden \u0130ZBETON A\u015e\u2019de ta\u015feron \u015firketler arac\u0131l\u0131\u011f\u0131yla yolsuzluk yap\u0131ld\u0131\u011f\u0131 iddialar\u0131 \u00fczerine 1 Temmuz\u2019da geni\u015f \u00e7apl\u0131 bir soru\u015fturma ba\u015flat\u0131lm\u0131\u015ft\u0131. Say\u0131\u015ftay, m\u00fclkiye m\u00fcfetti\u015fi ve bilirki\u015fi raporlar\u0131na dayand\u0131r\u0131lan kapsaml\u0131 bir soru\u015fturma kapsam\u0131nda, &#8220;\u0130haleye fesat kar\u0131\u015ft\u0131rma&#8221; ve &#8220;Nitelikli doland\u0131r\u0131c\u0131l\u0131k&#8221; su\u00e7lamalar\u0131yla 157 ki\u015fi hakk\u0131nda g\u00f6zalt\u0131 karar\u0131 verildi. Soru\u015fturma \u00e7er\u00e7evesinde g\u00f6zalt\u0131na al\u0131nanlar aras\u0131nda, d\u00f6nemin \u0130zmir B\u00fcy\u00fck\u015fehir Belediye Ba\u015fkan\u0131 Tun\u00e7 Soyer ile Cumhuriyet Halk Partisi (CHP) \u0130zmir \u0130l Ba\u015fkan\u0131 \u015eenol Aslano\u011flu\u2019nun da bulundu\u011fu 139 \u015f\u00fcpheli yer ald\u0131. Emniyetteki i\u015flemlerinin ard\u0131ndan adliyeye sevk edilen \u015f\u00fcphelilerden Soyer ve Aslano\u011flu\u2019nun da aralar\u0131nda bulundu\u011fu 60 ki\u015fi \u00e7\u0131kar\u0131ld\u0131klar\u0131 mahkemece tutukland\u0131. 58 ki\u015fi adli kontrol \u015fart\u0131yla serbest b\u0131rak\u0131l\u0131rken, kalan \u015f\u00fcpheliler ise herhangi bir tedbir uygulanmadan serbest b\u0131rak\u0131ld\u0131.<\/p>\n<p>\u0130ddianame haz\u0131rland\u0131<br \/>\n<br \/>\u0130zmir\u2019in farkl\u0131 il\u00e7elerinde y\u00fcr\u00fct\u00fclen kentsel d\u00f6n\u00fc\u015f\u00fcm projelerine ili\u015fkin y\u00fcr\u00fct\u00fclen soru\u015fturma kapsam\u0131nda haz\u0131rlanan iddianame, \u0130zmir A\u011f\u0131r Ceza Mahkemesi\u2019ne sunuldu. \u0130ddianamede, \u00d6rnekk\u00f6y 3. ve 4. etap, Gaziemir-Aktepe &#8211; Emrez Mahallesi 1. etap ile Karaba\u011flar 3. ve 4. etapta kat kar\u015f\u0131l\u0131\u011f\u0131 in\u015faat i\u015flerinde usuls\u00fczl\u00fck yap\u0131ld\u0131\u011f\u0131 iddialar\u0131 yer ald\u0131. Soru\u015fturma kapsam\u0131nda, 449 ma\u011fdur, 7 m\u00fc\u015fteki ile birlikte Hazine ve Maliye Bakanl\u0131\u011f\u0131, \u0130\u00e7i\u015fleri Bakanl\u0131\u011f\u0131, \u0130zmir B\u00fcy\u00fck\u015fehir Belediyesi ve \u0130ZBETON A\u015e\u2019nin de su\u00e7tan zarar g\u00f6renler aras\u0131nda oldu\u011fu belirtildi. Aralar\u0131nda eski \u0130zmir B\u00fcy\u00fck\u015fehir Belediye Ba\u015fkan\u0131 Tun\u00e7 Soyer ve CHP \u0130zmir \u0130l Ba\u015fkan\u0131 \u015eenol Aslano\u011flu\u2019nun da bulundu\u011fu 11\u2019i tutuklu toplam 65 \u015f\u00fcpheli hakk\u0131nda, her biri i\u00e7in 3 y\u0131ldan 45 y\u0131la kadar hapis cezas\u0131 talep edildi.<\/p>\n<p>2. duru\u015fma g\u00f6r\u00fcl\u00fcyor<br \/>\n<br \/>Alia\u011fa Ceza \u0130nfaz Kurumlar\u0131 Kamp\u00fcs\u00fc\u2019nde g\u00f6r\u00fclen davan\u0131n ikinci oturumuna, tutuklu san\u0131klar Tun\u00e7 Soyer ve \u015eenol Aslano\u011flu\u2019nun yan\u0131 s\u0131ra baz\u0131 tutuksuz san\u0131klar, m\u00fc\u015ftekiler ve avukatlar kat\u0131ld\u0131. Kimlik tespitinin ard\u0131ndan duru\u015fma, tutuksuz san\u0131klar\u0131n savunmalar\u0131yla devam etti. \u0130lk duru\u015fmada \u00f6nceki d\u00f6nem \u0130zmir B\u00fcy\u00fck\u015fehir Belediye Ba\u015fkan\u0131 Tun\u00e7 Soyer, CHP \u0130zmir \u0130l Ba\u015fkan\u0131 \u015eenol Aslano\u011flu, \u0130zmir B\u00fcy\u00fck\u015fehir Belediyesi eski Genel Sekreteri Bar\u0131\u015f Karc\u0131 ve eski \u0130ZBETON Genel M\u00fcd\u00fcr\u00fc Heval Sava\u015f Kaya\u2019n\u0131n savunmalar\u0131 al\u0131nm\u0131\u015f, t\u00fcm san\u0131klar su\u00e7lamalar\u0131 reddederek tahliye talebinde bulunmu\u015ftu.<\/p>\n<p>Tutuksuz yarg\u0131lanan san\u0131klar savunma yap\u0131yor<br \/>\n<br \/>Dava soru\u015fturmas\u0131 kapsam\u0131ndan tutuksuz olarak yarg\u0131lanan \u00d6rnekk\u00f6y 3. Etap\u2019ta kooperatif ad\u0131na in\u015faat\u0131 yapan Ahmet Kantek, &#8220;Siyasi bir \u00e7eki\u015fmenin i\u00e7ine d\u00fc\u015fm\u00fc\u015f\u00fcz. Sonradan anlad\u0131k. Kentsel D\u00f6n\u00fc\u015f\u00fcm Daire Ba\u015fkanl\u0131\u011f\u0131 taraf\u0131ndan devaml\u0131 mobbinge u\u011frad\u0131k. \u0130lk olarak \u00e7imentonun rengini be\u011fenmedikleri i\u00e7in 45 g\u00fcn durduk. Sonras\u0131nda da bir\u00e7ok defa in\u015faatlar\u0131 durdurdular. O d\u00f6nem Kar\u015f\u0131yaka Belediye Ba\u015fkan\u0131 Cemil Tugay\u2019\u0131n zab\u0131talar\u0131 \u015fantiyeyi m\u00fch\u00fcrledi. Bunlar\u0131 engelleyemedik ve y\u0131k\u0131m karar\u0131 \u00e7\u0131kt\u0131. Biz elimizde olsun diye y\u0131k\u0131ma sebep g\u00f6sterdikleri her \u015feyi videoyla kay\u0131t alt\u0131na ald\u0131k. Bir\u00e7ok \u00fcniversiteden konuyla alakal\u0131 rapor istedik. Yaln\u0131zca Ege \u00dcniversitesi olumlu d\u00f6n\u00fc\u015f yapt\u0131. Oradan hocalar\u0131m\u0131z bir g\u00fcn gelip incelemelerde bulundu. Ertesi g\u00fcn de geleceklerdi ancak bizi arayarak gelemeyeceklerini bildirdiler. Ben de ald\u0131\u011f\u0131m paralar\u0131 iade ettim ve i\u015ften ayr\u0131ld\u0131m&#8221; ifadelerini kulland\u0131.<br \/>\n<br \/>Davada tutuksuz yarg\u0131lananlar aras\u0131nda yer alan CHP Ankara \u0130l Ba\u015fkan\u0131 \u00dcmit Erkol\u2019un o\u011flu F\u0131rat Erkol da &#8220;Ben \u015firket \u00e7al\u0131\u015fan\u0131yd\u0131m, sadece i\u015fler y\u00fcr\u00fcs\u00fcn diye imza atabilmem i\u00e7in bana y\u00fczde 1 hisse verildi. S\u00f6zle\u015fmeye uyulmad\u0131, zemin kaz\u0131lmad\u0131 ve ruhsat gelmedi. Bu s\u00fcre\u00e7te maliyetler artt\u0131. Biz de bu i\u015ften ayr\u0131ld\u0131k, biz kooperatifle ili\u015fki halindeydik. \u0130ZBETON ve b\u00fcy\u00fck\u015fehirle de\u011fil. \u015eirketten de maa\u015f\u0131m d\u0131\u015f\u0131nda bir \u015fey almad\u0131m&#8221; diye belirtti.<\/p>\n<p>&#8220;\u0130n\u015faatlar uzun aral\u0131klarla durduruldu&#8221;<br \/>\n<br \/>Tutuksuz yarg\u0131lanan S.S. \u0130\u015f D\u00fcnyas\u0131 Konut Yap\u0131 Kooperatifi\u2019nin kurucusu \u00c7a\u011flar Kalkan da &#8220;\u0130n\u015faatlar uzun aral\u0131klarla durduruldu. Kendi i\u00e7 dinamikleriyle halledebilecekleri sorunu halletmemeleri bizce k\u00f6t\u00fc niyettir. \u0130\u015f yapabildi\u011fimiz bir bu\u00e7uk senede 3 blok in\u015faat yapt\u0131k. Yeni gelen \u0130zmir B\u00fcy\u00fck\u015fehir Belediyesi s\u00f6zle\u015fmeyi haks\u0131z yere feshetti. Biz de dava a\u00e7t\u0131k. 273 ma\u011fdur aras\u0131nda e\u015fim ve tutuklu san\u0131k kooperatif ba\u015fkan\u0131m\u0131z Cihangir L\u00fcbi\u00e7\u2019in e\u015fi ve k\u0131zlar\u0131 da var. Ortada doland\u0131r\u0131c\u0131l\u0131k ve kamu zarar\u0131 yoktur. Kooperatifimizin \u00fcyelerinin ma\u011fduriyeti vard\u0131r. \u0130zmir B\u00fcy\u00fck\u015fehir Belediyesiyle iyi niyet s\u00f6zle\u015fmesi imzalad\u0131k. Kooperatifimiz 25 Eyl\u00fcl\u2019de bu protokol\u00fcn kabul\u00fc i\u00e7in toplanacak. 273 ki\u015finin dairelerinin en k\u0131sa s\u00fcrede teslim edilece\u011fine inan\u0131yorum. Biz su\u00e7 i\u015flemedik&#8221; diye ekledi.<br \/>\n<br \/>Kooperatiflerdeki usuls\u00fczl\u00fck iddialar\u0131 ile ilgili a\u00e7\u0131lan davada savunmas\u0131n\u0131 yapan Egeli \u0130\u015f \u0130nsanlar\u0131 Y\u00f6netim Kurulu \u00fcyesi Abdullah Aydemir, &#8220;\u00c7ok kolay ve muhtemelen zaman\u0131nda bitirilebilecek projeye dair, kooperatif olarak t\u00fcm y\u00fck\u00fcml\u00fcl\u00fcklerimizi yerine getirmemize ra\u011fmen, yeni \u0130ZBB y\u00f6netimi ve Kentsel D\u00f6n\u00fc\u015f\u00fcm Daire Ba\u015fkanl\u0131\u011f\u0131\u2019ndan hi\u00e7bir geri d\u00f6n\u00fc\u015f alamad\u0131k. Hala 3 y\u0131l s\u00fcremiz var. S\u00f6zle\u015fme \u015fartlar\u0131n\u0131 yerine getirmedi\u011fimiz iddias\u0131 do\u011fru de\u011fil. Su\u00e7lamalar\u0131n hi\u00e7birini kabul etmiyorum&#8221; dedi.<br \/>\n<br \/>Tutuksuz yarg\u0131lanan \u0130zmir B\u00fcy\u00fck\u015fehir Belediyesi b\u00fcrokrat\u0131 Birkan Acar da &#8220;\u0130ddianamede yer alan 30 Mart 2023 tarihli \u0130ZBETON Y\u00f6netim Kurulu karar\u0131nda o g\u00fcn izinli olmam nedeniyle imzam yok. Ancak izinli olmasayd\u0131m imza atard\u0131m. \u00c7\u00fcnk\u00fc kooperatif\u00e7ilik modeline inan\u0131yorum. Kooperatif\u00e7ilik modelini biliyordum, Tun\u00e7 Soyer d\u00f6neminde tar\u0131mda da kentsel d\u00f6n\u00fc\u015f\u00fcmde de daha yak\u0131ndan \u00f6\u011frendim. Yarg\u0131lanan b\u00fcrokratlar, olarak bu sorulara \u0130zmir B\u00fcy\u00fck\u015fehir Belediyesi\u2019nin tefti\u015f kurulunda cevap verebilirdik. Kendimizi bir anda kolluk kuvvetlerinin ve hakim kar\u015f\u0131s\u0131nda bulduk. Su\u00e7suzum, beraatimi talep ediyorum&#8221; s\u00f6zlerini kulland\u0131.<br \/>\n<br \/>S.S. \u0130\u015f \u0130nsanlar\u0131 \u00d6rnekk\u00f6y Konut Yap\u0131 Kooperatifi y\u00f6neticilerinden Dilek Co\u015fkun \u00d6zeren ise savunmas\u0131nda, &#8220;\u0130ZS\u0130AD Ba\u015fkan\u0131 H\u00fcseyin Cengiz\u2019in buradaki i\u015flerinin takip\u00e7isiydim. \u015eirketin y\u00fczde 1\u2019lik hissesi benimdi ve imza yetkisi bendeydi. \u015eenol Aslano\u011flu\u2019nun arac\u0131l\u0131\u011f\u0131yla \u0130ZBETON\u2019a gittim ve evraklar\u0131 imzalad\u0131m. \u0130mzalad\u0131ktan 10 g\u00fcn sonra \u015firketten \u00e7\u0131kt\u0131m. H\u00fcseyin Bey ve \u015firketle daval\u0131k oldum. Kooperatifin kurulu\u015fundan haberim yoktu. \u0130\u00e7eri\u011fini bilmiyordum, imzalad\u0131m. \u0130\u015fin sonradan b\u00f6yle oldu\u011funu anlad\u0131m. H\u00fcseyin Bey, Erdal \u015earo\u011flu, \u015eenol Aslano\u011flu ile arkada\u015ft\u0131. Birlikte i\u015f yap\u0131yorlard\u0131&#8221; ifadelerini kulland\u0131.<br \/><\/p>\n","protected":false},"excerpt":{"rendered":"<p>\u0130zmir B\u00fcy\u00fck\u015fehir Belediyesi i\u015ftiraki \u0130ZBETON\u2019a y\u00f6nelik soru\u015fturmada kooperatiflerdeki usuls\u00fczl\u00fck iddialar\u0131 ile ilgili a\u00e7\u0131lan dava devam ediyor. \u0130kinci duru\u015fmas\u0131 g\u00f6r\u00fclen davada tutuksuz yarg\u0131lanan san\u0131klar savunmalar\u0131n\u0131 yap\u0131yor. \u0130zmir Cumhuriyet Ba\u015fsavc\u0131l\u0131\u011f\u0131 taraf\u0131ndan, \u0130zmir B\u00fcy\u00fck\u015fehir Belediyesi (\u0130ZBB) i\u015ftiraklerinden \u0130ZBETON A\u015e\u2019de ta\u015feron \u015firketler arac\u0131l\u0131\u011f\u0131yla yolsuzluk yap\u0131ld\u0131\u011f\u0131 iddialar\u0131 \u00fczerine 1 Temmuz\u2019da geni\u015f \u00e7apl\u0131 bir soru\u015fturma ba\u015flat\u0131lm\u0131\u015ft\u0131. Say\u0131\u015ftay, m\u00fclkiye m\u00fcfetti\u015fi ve bilirki\u015fi&#8230;<\/p>\n","protected":false},"author":1,"featured_media":56554,"comment_status":"open","ping_status":"open","sticky":false,"template":"","format":"standard","meta":{"_crdt_document":"","footnotes":""},"categories":[5],"tags":[],"class_list":["post-56553","post","type-post","status-publish","format-standard","has-post-thumbnail","hentry","category-asayis"],"_links":{"self":[{"href":"https:\/\/www.egemtv.com\/index.php?rest_route=\/wp\/v2\/posts\/56553","targetHints":{"allow":["GET"]}}],"collection":[{"href":"https:\/\/www.egemtv.com\/index.php?rest_route=\/wp\/v2\/posts"}],"about":[{"href":"https:\/\/www.egemtv.com\/index.php?rest_route=\/wp\/v2\/types\/post"}],"author":[{"embeddable":true,"href":"https:\/\/www.egemtv.com\/index.php?rest_route=\/wp\/v2\/users\/1"}],"replies":[{"embeddable":true,"href":"https:\/\/www.egemtv.com\/index.php?rest_route=%2Fwp%2Fv2%2Fcomments&post=56553"}],"version-history":[{"count":1,"href":"https:\/\/www.egemtv.com\/index.php?rest_route=\/wp\/v2\/posts\/56553\/revisions"}],"predecessor-version":[{"id":56555,"href":"https:\/\/www.egemtv.com\/index.php?rest_route=\/wp\/v2\/posts\/56553\/revisions\/56555"}],"wp:featuredmedia":[{"embeddable":true,"href":"https:\/\/www.egemtv.com\/index.php?rest_route=\/wp\/v2\/media\/56554"}],"wp:attachment":[{"href":"https:\/\/www.egemtv.com\/index.php?rest_route=%2Fwp%2Fv2%2Fmedia&parent=56553"}],"wp:term":[{"taxonomy":"category","embeddable":true,"href":"https:\/\/www.egemtv.com\/index.php?rest_route=%2Fwp%2Fv2%2Fcategories&post=56553"},{"taxonomy":"post_tag","embeddable":true,"href":"https:\/\/www.egemtv.com\/index.php?rest_route=%2Fwp%2Fv2%2Ftags&post=56553"}],"curies":[{"name":"wp","href":"https:\/\/api.w.org\/{rel}","templated":true}]}}