{"id":56550,"date":"2025-09-22T16:15:17","date_gmt":"2025-09-22T13:15:17","guid":{"rendered":"https:\/\/www.egemtv.com\/?p=56550"},"modified":"2025-09-22T16:15:19","modified_gmt":"2025-09-22T13:15:19","slug":"mudur-yildiraktan-yeni-mudurlere-destek-mesaji","status":"publish","type":"post","link":"https:\/\/www.egemtv.com\/?p=56550","title":{"rendered":"M\u00fcd\u00fcr Y\u0131ld\u0131rak\u2019tan yeni m\u00fcd\u00fcrlere destek mesaj\u0131"},"content":{"rendered":"<p>Sar\u0131g\u00f6l \u0130l\u00e7e Milli E\u011fitim M\u00fcd\u00fcr\u00fc Cezmi Y\u0131ld\u0131rak, il\u00e7ede g\u00f6reve ba\u015flayan okul m\u00fcd\u00fcrlerine hay\u0131rl\u0131 olsun ziyaretinde bulunarak yeni g\u00f6revlerinde ba\u015far\u0131lar diledi.<br \/>\n<br \/>2025 y\u0131l\u0131 Milli E\u011fitim Bakanl\u0131\u011f\u0131\u2019na ba\u011fl\u0131 e\u011fitim kurumlar\u0131na yeniden y\u00f6netici g\u00f6revlendirme s\u00fcreci kapsam\u0131nda, Sar\u0131g\u00f6l T\u0131razlar H\u00fcseyin G\u00fcm\u00fc\u015fl\u00fc Ortaokulu\u2019na m\u00fcd\u00fcr olarak atanan G\u00f6khan Y\u0131ld\u0131r\u0131m ile Emcelli Ortaokulu\u2019na m\u00fcd\u00fcr olarak atanan Meryem Demir\u2019i ziyaret eden \u0130l\u00e7e Milli E\u011fitim M\u00fcd\u00fcr\u00fc Y\u0131ld\u0131rak, e\u011fitim hedefleri ve yeni d\u00f6neme dair planlamalar \u00fczerine g\u00f6r\u00fc\u015f al\u0131\u015fveri\u015finde bulundu.<br \/>\n<br \/>Ziyaretlerde \u00f6\u011fretmenler ve \u00f6\u011frencilerle de bir araya gelen Y\u0131ld\u0131rak, e\u011fitim kalitesini art\u0131rmak i\u00e7in i\u015f birli\u011fi ve ortak \u00e7al\u0131\u015fma vurgusu yapt\u0131.<br \/>\n<br \/>Okul M\u00fcd\u00fcrleri G\u00f6khan Y\u0131ld\u0131r\u0131m ve Meryem Demir, ziyaretten duyduklar\u0131 memnuniyeti ifade ederek okul payda\u015flar\u0131yla birlikte ba\u015far\u0131y\u0131 hedeflediklerini belirtti.<br \/><\/p>\n","protected":false},"excerpt":{"rendered":"<p>Sar\u0131g\u00f6l \u0130l\u00e7e Milli E\u011fitim M\u00fcd\u00fcr\u00fc Cezmi Y\u0131ld\u0131rak, il\u00e7ede g\u00f6reve ba\u015flayan okul m\u00fcd\u00fcrlerine hay\u0131rl\u0131 olsun ziyaretinde bulunarak yeni g\u00f6revlerinde ba\u015far\u0131lar diledi. 2025 y\u0131l\u0131 Milli E\u011fitim Bakanl\u0131\u011f\u0131\u2019na ba\u011fl\u0131 e\u011fitim kurumlar\u0131na yeniden y\u00f6netici g\u00f6revlendirme s\u00fcreci kapsam\u0131nda, Sar\u0131g\u00f6l T\u0131razlar H\u00fcseyin G\u00fcm\u00fc\u015fl\u00fc Ortaokulu\u2019na m\u00fcd\u00fcr olarak atanan G\u00f6khan Y\u0131ld\u0131r\u0131m ile Emcelli Ortaokulu\u2019na m\u00fcd\u00fcr olarak atanan Meryem Demir\u2019i ziyaret eden \u0130l\u00e7e Milli&#8230;<\/p>\n","protected":false},"author":1,"featured_media":56551,"comment_status":"open","ping_status":"open","sticky":false,"template":"","format":"standard","meta":{"_crdt_document":"","footnotes":""},"categories":[1],"tags":[],"class_list":["post-56550","post","type-post","status-publish","format-standard","has-post-thumbnail","hentry","category-guncel"],"_links":{"self":[{"href":"https:\/\/www.egemtv.com\/index.php?rest_route=\/wp\/v2\/posts\/56550","targetHints":{"allow":["GET"]}}],"collection":[{"href":"https:\/\/www.egemtv.com\/index.php?rest_route=\/wp\/v2\/posts"}],"about":[{"href":"https:\/\/www.egemtv.com\/index.php?rest_route=\/wp\/v2\/types\/post"}],"author":[{"embeddable":true,"href":"https:\/\/www.egemtv.com\/index.php?rest_route=\/wp\/v2\/users\/1"}],"replies":[{"embeddable":true,"href":"https:\/\/www.egemtv.com\/index.php?rest_route=%2Fwp%2Fv2%2Fcomments&post=56550"}],"version-history":[{"count":1,"href":"https:\/\/www.egemtv.com\/index.php?rest_route=\/wp\/v2\/posts\/56550\/revisions"}],"predecessor-version":[{"id":56552,"href":"https:\/\/www.egemtv.com\/index.php?rest_route=\/wp\/v2\/posts\/56550\/revisions\/56552"}],"wp:featuredmedia":[{"embeddable":true,"href":"https:\/\/www.egemtv.com\/index.php?rest_route=\/wp\/v2\/media\/56551"}],"wp:attachment":[{"href":"https:\/\/www.egemtv.com\/index.php?rest_route=%2Fwp%2Fv2%2Fmedia&parent=56550"}],"wp:term":[{"taxonomy":"category","embeddable":true,"href":"https:\/\/www.egemtv.com\/index.php?rest_route=%2Fwp%2Fv2%2Fcategories&post=56550"},{"taxonomy":"post_tag","embeddable":true,"href":"https:\/\/www.egemtv.com\/index.php?rest_route=%2Fwp%2Fv2%2Ftags&post=56550"}],"curies":[{"name":"wp","href":"https:\/\/api.w.org\/{rel}","templated":true}]}}