{"id":56547,"date":"2025-09-22T15:55:18","date_gmt":"2025-09-22T12:55:18","guid":{"rendered":"https:\/\/www.egemtv.com\/?p=56547"},"modified":"2025-09-22T15:55:18","modified_gmt":"2025-09-22T12:55:18","slug":"izmirde-kesinlesmis-hapis-cezasi-bulunan-2-supheli-yakalandi","status":"publish","type":"post","link":"https:\/\/www.egemtv.com\/?p=56547","title":{"rendered":"\u0130zmir\u2019de kesinle\u015fmi\u015f hapis cezas\u0131 bulunan 2 \u015f\u00fcpheli yakaland\u0131"},"content":{"rendered":"<p>\u0130zmir\u2019in Konak il\u00e7esinde polis ekiplerinin \u015f\u00fcphe \u00fczerine durdurdu\u011fu 2 ki\u015finin, \u00e7e\u015fitli su\u00e7lardan kesinle\u015fmi\u015f hapis cezalar\u0131 bulundu\u011fu ortaya \u00e7\u0131kt\u0131.<br \/>\n<br \/>Konak \u0130l\u00e7e Emniyet M\u00fcd\u00fcrl\u00fc\u011f\u00fc Devriye Ekipler Amirli\u011fi ekipleri, 20 Eyl\u00fcl 2025 g\u00fcn\u00fc durumundan \u015f\u00fcphelendikleri C.G. (19) isimli \u015fahs\u0131 durdurdu. Yap\u0131lan sorgulamada C.G.\u2019nin, birden fazla ki\u015fi taraf\u0131ndan gece vakti \u2019ya\u011fma\u2019, \u2019kamu mal\u0131na zarar verme\u2019 ve \u2019h\u00fck\u00fcml\u00fc veya tutuklunun ka\u00e7mas\u0131\u2019 su\u00e7lar\u0131ndan 7 ayr\u0131 dosyadan toplam 20 y\u0131l 8 ay 26 g\u00fcn kesinle\u015fmi\u015f hapis cezas\u0131yla arand\u0131\u011f\u0131 belirlendi.<br \/>\n<br \/>Ekipler ayn\u0131 g\u00fcn E.D. (38) isimli \u015fahs\u0131 da \u015f\u00fcphe \u00fczerine durdurdu. Yap\u0131lan sorgulamada, E.D.\u2019nin \u2019uyu\u015fturucu veya uyar\u0131c\u0131 madde ticareti yapma veya sa\u011flama\u2019, \u2019kullanmak i\u00e7in uyu\u015fturucu veya uyar\u0131c\u0131 madde sat\u0131n almak, kabul etmek, bulundurmak ve kullanmak\u2019, \u2019h\u00fck\u00fcml\u00fc veya tutuklunun ka\u00e7mas\u0131\u2019 su\u00e7lar\u0131ndan 5 ayr\u0131 dosyadan toplam 19 y\u0131l 3 ay 2 g\u00fcn kesinle\u015fmi\u015f hapis cezas\u0131yla arand\u0131\u011f\u0131 tespit edildi.<br \/>\n<br \/>G\u00f6zalt\u0131na al\u0131nan her 2 \u015f\u00fcpheli de emniyetteki i\u015flemlerin ard\u0131ndan cezaevine g\u00f6nderildi.<br \/><\/p>\n","protected":false},"excerpt":{"rendered":"<p>\u0130zmir\u2019in Konak il\u00e7esinde polis ekiplerinin \u015f\u00fcphe \u00fczerine durdurdu\u011fu 2 ki\u015finin, \u00e7e\u015fitli su\u00e7lardan kesinle\u015fmi\u015f hapis cezalar\u0131 bulundu\u011fu ortaya \u00e7\u0131kt\u0131. Konak \u0130l\u00e7e Emniyet M\u00fcd\u00fcrl\u00fc\u011f\u00fc Devriye Ekipler Amirli\u011fi ekipleri, 20 Eyl\u00fcl 2025 g\u00fcn\u00fc durumundan \u015f\u00fcphelendikleri C.G. (19) isimli \u015fahs\u0131 durdurdu. Yap\u0131lan sorgulamada C.G.\u2019nin, birden fazla ki\u015fi taraf\u0131ndan gece vakti \u2019ya\u011fma\u2019, \u2019kamu mal\u0131na zarar verme\u2019 ve \u2019h\u00fck\u00fcml\u00fc veya tutuklunun&#8230;<\/p>\n","protected":false},"author":1,"featured_media":56548,"comment_status":"open","ping_status":"open","sticky":false,"template":"","format":"standard","meta":{"_crdt_document":"","footnotes":""},"categories":[5],"tags":[],"class_list":["post-56547","post","type-post","status-publish","format-standard","has-post-thumbnail","hentry","category-asayis"],"_links":{"self":[{"href":"https:\/\/www.egemtv.com\/index.php?rest_route=\/wp\/v2\/posts\/56547","targetHints":{"allow":["GET"]}}],"collection":[{"href":"https:\/\/www.egemtv.com\/index.php?rest_route=\/wp\/v2\/posts"}],"about":[{"href":"https:\/\/www.egemtv.com\/index.php?rest_route=\/wp\/v2\/types\/post"}],"author":[{"embeddable":true,"href":"https:\/\/www.egemtv.com\/index.php?rest_route=\/wp\/v2\/users\/1"}],"replies":[{"embeddable":true,"href":"https:\/\/www.egemtv.com\/index.php?rest_route=%2Fwp%2Fv2%2Fcomments&post=56547"}],"version-history":[{"count":1,"href":"https:\/\/www.egemtv.com\/index.php?rest_route=\/wp\/v2\/posts\/56547\/revisions"}],"predecessor-version":[{"id":56549,"href":"https:\/\/www.egemtv.com\/index.php?rest_route=\/wp\/v2\/posts\/56547\/revisions\/56549"}],"wp:featuredmedia":[{"embeddable":true,"href":"https:\/\/www.egemtv.com\/index.php?rest_route=\/wp\/v2\/media\/56548"}],"wp:attachment":[{"href":"https:\/\/www.egemtv.com\/index.php?rest_route=%2Fwp%2Fv2%2Fmedia&parent=56547"}],"wp:term":[{"taxonomy":"category","embeddable":true,"href":"https:\/\/www.egemtv.com\/index.php?rest_route=%2Fwp%2Fv2%2Fcategories&post=56547"},{"taxonomy":"post_tag","embeddable":true,"href":"https:\/\/www.egemtv.com\/index.php?rest_route=%2Fwp%2Fv2%2Ftags&post=56547"}],"curies":[{"name":"wp","href":"https:\/\/api.w.org\/{rel}","templated":true}]}}